{"id":3123,"date":"2024-05-07T12:28:21","date_gmt":"2024-05-07T10:28:21","guid":{"rendered":"https:\/\/tyden.ranapece.cz\/2025\/?p=3123"},"modified":"2024-05-07T12:36:57","modified_gmt":"2024-05-07T10:36:57","slug":"tyden-rane-pece-2024-proc-je-v-zivote-ditete-dulezitych-prvnich-1-000-dni","status":"publish","type":"post","link":"https:\/\/tyden.ranapece.cz\/2025\/pro-media\/tyden-rane-pece-2024-proc-je-v-zivote-ditete-dulezitych-prvnich-1-000-dni\/","title":{"rendered":"T\u00fdden ran\u00e9 p\u00e9\u010de 2024: Pro\u010d je v\u00a0\u017eivot\u011b d\u00edt\u011bte d\u016fle\u017eit\u00fdch prvn\u00edch 1\u00a0000 dn\u00ed"},"content":{"rendered":"\n<p><strong>Od 13. do 19. kv\u011btna 2024 prob\u011bhne u\u017e 17. ro\u010dn\u00edk osv\u011btov\u00e9 kampan\u011b T\u00fdden ran\u00e9 p\u00e9\u010de, kterou po\u0159\u00e1d\u00e1 Spole\u010dnost pro ranou p\u00e9\u010di. Cel\u00fd t\u00fdden bude zasv\u011bcen informov\u00e1n\u00ed o tom, jak rodin\u00e1m pe\u010duj\u00edc\u00edm o d\u00edt\u011b s&nbsp;posti\u017een\u00edm pom\u00e1h\u00e1 slu\u017eba ran\u00e1 p\u00e9\u010de a pro\u010d je bez nads\u00e1zky \u017eivotn\u011b d\u016fle\u017eit\u00e9, aby vhodn\u00e1 podpora d\u00edt\u011bte byla zah\u00e1jena v\u010das. A tak\u00e9 jak kl\u00ed\u010dov\u00e1 je v&nbsp;tomto kontextu spolupr\u00e1ce ran\u00e9 p\u00e9\u010de s&nbsp;pediatry.<\/strong><strong><\/strong><\/p>\n\n\n\n<p><strong>Ran\u00fd v\u011bk jako okno mo\u017enost\u00ed<\/strong><strong><\/strong><\/p>\n\n\n\n<p>Mozek mal\u00fdch d\u011bt\u00ed se vyv\u00edj\u00ed neoby\u010dejnou rychlost\u00ed. Prvn\u00edch 1&nbsp;000 dn\u00ed \u017eivota se n\u011bkdy ozna\u010duje jako \u201eokno mo\u017enost\u00ed\u201c. V&nbsp;obdob\u00ed do t\u0159\u00ed let jsou kompenza\u010dn\u00ed mo\u017enosti mozku tak obrovsk\u00e9, \u017ee umo\u017e\u0148uj\u00ed nejl\u00e9pe rozvinout n\u00e1hradn\u00ed mechanismy i&nbsp;u&nbsp;t\u011bch d\u011bt\u00ed, kter\u00e9 maj\u00ed v&nbsp;n\u011bkter\u00e9 oblasti v\u00fdvoje ur\u010dit\u00fd hendikep. U nejmen\u0161\u00edch d\u011bt\u00ed je \u0161koda ka\u017ed\u00e9ho dne, kdy d\u00edt\u011b nez\u00edsk\u00e1v\u00e1 vhodn\u00e9 podn\u011bty a nem\u016f\u017ee se rozv\u00edjet. P\u0159esto se ran\u00e1 p\u00e9\u010de st\u00e1le nedostane k&nbsp;mnoha rodin\u00e1m v\u010das. Podle v\u00fdzkum\u016f ji vyu\u017e\u00edv\u00e1 jen t\u0159etina rodin s&nbsp;d\u00edt\u011btem s&nbsp;hendikepem. Jedn\u00edm z&nbsp;d\u016fvod\u016f je mal\u00e1 informovanost rodi\u010d\u016f.<\/p>\n\n\n\n<p><strong>Kde se rodi\u010de o ran\u00e9 p\u00e9\u010de dozv\u011bd\u00ed <\/strong><strong><\/strong><\/p>\n\n\n\n<p>Pomoci by mohlo nav\u00e1z\u00e1n\u00ed u\u017e\u0161\u00ed spolupr\u00e1ce ran\u00e9 p\u00e9\u010de s&nbsp;pediatry a&nbsp;dal\u0161\u00edmi l\u00e9ka\u0159i a&nbsp;zdravotn\u00edky. D\u011btsk\u00fd l\u00e9ka\u0159 sleduje d\u00edt\u011b od narozen\u00ed v&nbsp;r\u00e1mci pravideln\u00fdch prohl\u00eddek a m\u016f\u017ee rodi\u010d\u016fm p\u0159edat informaci o mo\u017enosti podpory ji\u017e v&nbsp;obdob\u00ed, kdy je\u0161t\u011b nen\u00ed z&nbsp;r\u016fzn\u00fdch d\u016fvod\u016f potvrzena diagn\u00f3za d\u00edt\u011bte, ale je z\u0159ejm\u00e9, \u017ee v\u00fdvoj d\u00edt\u011bte je v&nbsp;n\u011bkter\u00e9 z&nbsp;oblast\u00ed ohro\u017een. <em>\u201eOsv\u011bta o ran\u00e9 p\u00e9\u010di sm\u011b\u0159uj\u00edc\u00ed sm\u011brem k&nbsp;pediatr\u016fm a dal\u0161\u00edm zdravotn\u00edk\u016fm, s&nbsp;nimi\u017e je rodina s&nbsp;d\u00edt\u011btem s&nbsp;posti\u017een\u00edm v&nbsp;pravideln\u00e9m kontaktu, pat\u0159\u00ed k&nbsp;hlavn\u00edm c\u00edl\u016fm leto\u0161n\u00edho T\u00fddne ran\u00e9 p\u00e9\u010de. Pr\u00e1v\u011b spolupr\u00e1ce ran\u00e9 p\u00e9\u010de s&nbsp;pediatri\u00ed a dal\u0161\u00edmi l\u00e9ka\u0159sk\u00fdmi obory m\u016f\u017ee p\u0159isp\u011bt k&nbsp;\u010dasn\u00e9mu zah\u00e1jen\u00ed podpory v\u00fdvoje d\u00edt\u011bte a napom\u016f\u017ee stabilizovat rodinu v&nbsp;n\u00e1ro\u010dn\u00e9m obdob\u00ed, kdy se \u010dlenov\u00e9 rodiny vyrovn\u00e1vaj\u00ed s&nbsp;hendikepem d\u00edt\u011bte,\u201c<\/em> \u0159\u00edk\u00e1 Jitka Barlov\u00e1, \u0159editelka pra\u017esk\u00e9 pobo\u010dky Spole\u010dnosti pro ranou p\u00e9\u010di.<\/p>\n\n\n\n<p><strong>Program v&nbsp;cel\u00e9 republice<\/strong><strong><\/strong><\/p>\n\n\n\n<p>Do kampan\u011b se tradi\u010dn\u011b zapoj\u00ed na \u010dty\u0159icet poskytovatel\u016f ran\u00e9 p\u00e9\u010de z&nbsp;cel\u00e9 \u010cesk\u00e9 republiky a&nbsp;krom\u011b akc\u00ed zam\u011b\u0159en\u00fdch na odborn\u00edky bude prob\u00edhat i cel\u00e1 \u0159ada aktivit pro laickou ve\u0159ejnost: v\u00fdstavy, dny otev\u0159en\u00fdch dve\u0159\u00ed, workshopy, akce pro rodiny a dal\u0161\u00ed. Podrobn\u00fd program kampan\u011b v&nbsp;\u010desk\u00fdch m\u011bstech je dostupn\u00fd na&nbsp;<a href=\"https:\/\/tyden.ranapece.cz\/2025\/\"><strong>https:\/\/tyden.ranapece.cz\/2025\/<\/strong><\/a><strong>.<\/strong> Kampan\u011b podporuj\u00ed tak\u00e9 studenti, dobrovoln\u00edci, sponzo\u0159i, v\u00fdznamn\u00e9 osobnosti, v\u011bdci.<\/p>\n\n\n\n<p>Z\u00e1\u0161titu nad T\u00fddnem ran\u00e9 p\u00e9\u010de v&nbsp;roce 2024 p\u0159evzalo Ministerstvo zdravotnictv\u00ed, Ministerstvo pr\u00e1ce a soci\u00e1ln\u00edch v\u011bc\u00ed, Asociace kraj\u016f \u010cR, Asociace ran\u00e9 p\u00e9\u010de \u010cR, Nada\u010dn\u00ed fond \u010cesk\u00e9ho rozhlasu, sb\u00edrka Sv\u011btlu\u0161ka, Nadace Leontinka a Nadace rodiny Vl\u010dkov\u00fdch.<\/p>\n\n\n\n<h2 class=\"wp-block-heading has-black-color has-text-color has-link-color wp-elements-4b50cb6e1a6f78970d7398f3ccd3f9f2\"><a><strong>Kontakt<\/strong><\/a><strong> pro m\u00e9dia:<\/strong><\/h2>\n\n\n\n<p>Magdalena R\u016f\u017ekov\u00e1<\/p>\n\n\n\n<p>tel: 777&nbsp;846&nbsp;990, e-mail: <a href=\"mailto:magdalena.ruzkova@ranapece.cz\">magdalena.ruzkova@ranapece.cz<\/a><\/p>\n\n\n\n<p><a href=\"http:\/\/www.ranapece.cz\">www.ranapece.cz<\/a><\/p>\n\n\n\n<h2 class=\"wp-block-heading\"><a><strong>Ran\u00e1 p\u00e9\u010de \u2013 jak ji vid\u00ed z\u00e1kon<\/strong><\/a><strong><\/strong><\/h2>\n\n\n\n<p>Ran\u00e1 p\u00e9\u010de je odborn\u00e1 ter\u00e9nn\u00ed slu\u017eba pro rodiny d\u011bt\u00ed do 7 let, jejich\u017e v\u00fdvoj je ohro\u017een\u00fd v&nbsp;d\u016fsledku nep\u0159\u00edzniv\u00e9ho zdravotn\u00edho stavu, nebo d\u011bt\u00ed se&nbsp;zdravotn\u00edm posti\u017een\u00edm. Slu\u017eba se&nbsp;zam\u011b\u0159uje na podporu rodiny a&nbsp;podporu v\u00fdvoje d\u00edt\u011bte s&nbsp;ohledem na jeho specifick\u00e9 pot\u0159eby. Ranou p\u00e9\u010di definuje z\u00e1kon \u010d.&nbsp;108\/2006 Sb., o&nbsp;soci\u00e1ln\u00edch slu\u017eb\u00e1ch, \u00a7 54. Pro rodiny je zdarma. V\u00edce info na <a href=\"http:\/\/www.ranapece.cz\">www.ranapece.cz<\/a><\/p>\n\n\n\n<h2 class=\"wp-block-heading\"><strong>&nbsp;<\/strong><a><strong>O Spole\u010dnosti pro ranou p\u00e9\u010di<\/strong><\/a><\/h2>\n\n\n\n<p>Spole\u010dnost pro ranou p\u00e9\u010di pom\u00e1h\u00e1 rodin\u00e1m s&nbsp;d\u00edt\u011btem s&nbsp;posti\u017een\u00edm \u017e\u00edt napln\u011bn\u00fd \u017eivot. Poradkyn\u011b ran\u00e9 p\u00e9\u010de p\u0159iv\u00e1\u017eej\u00ed odobornou pomoc dom\u016f k&nbsp;rodin\u00e1m. Spole\u010dn\u011b s&nbsp;rodi\u010di rozv\u00edjej\u00ed d\u00edt\u011b tak, aby co nejl\u00e9pe vyu\u017eilo sv\u016fj potenci\u00e1l. Od vzniku organizace v&nbsp;roce 1990 jsem prov\u00e1zeli tis\u00edce rodin po cel\u00e9 \u010cesk\u00e9 republice. Aktu\u00e1ln\u011b se osmdes\u00e1ti\u010dlenn\u00fd t\u00fdm Spole\u010dnosti pro ranou p\u00e9\u010di prost\u0159ednictv\u00edm sedmi pobo\u010dek star\u00e1 o v\u00edce ne\u017e 900 rodin.<\/p>\n\n\n\n<h2 class=\"wp-block-heading\"><a><strong>Jak to vid\u00ed rodiny<\/strong><\/a><strong><\/strong><\/h2>\n\n\n\n<p>Citace rodi\u010d\u016f:<\/p>\n\n\n\n<p class=\"has-black-color has-text-color has-link-color wp-elements-546b67c1fb9bbc0c4c93e230c0b094cf\"><em>\u201ePoradkyn\u011b ran\u00e9 p\u00e9\u010de je pro n\u00e1s nejd\u016fle\u017eit\u011bj\u0161\u00edm \u010dlov\u011bkem, co se hendikepu Ani\u010dky t\u00fdk\u00e1. Bez slu\u017eby ran\u00e9 p\u00e9\u010de bychom byli vysloven\u011b v&nbsp;pasti. Spoustu v\u011bc\u00ed si dok\u00e1\u017eu vyhledat, ale po\u0159\u00e1d jsou v\u011bci, kde bez praxe a zku\u0161enos<\/em><em>t\u00ed t\u00e1pete, a zku\u0161en\u00e1 je pro m\u011b ten nejrelevantn\u011bj\u0161\u00ed zdroj informac\u00ed a podpory. Z\u00e1rove\u0148 vid\u00edm, jak dok\u00e1\u017ee s Ani\u010dkou pracovat. Um\u00ed ji zaujmout, tu\u0161\u00ed dop\u0159edu, jak\u00e9 reakce m\u016f\u017eou nastat. M\u016f\u017eu j\u00ed sv\u011b\u0159it cokoli, co se Ani\u010dky t\u00fdk\u00e1, a v\u00edm, \u017ee jsou m\u00e9 obavy, pocity v bezpe\u010d\u00ed. V\u00edm, \u017ee m\u011b neodsoud\u00ed, ale nab\u00eddne v\u017edy pomoc, radu\u2026\u201c<\/em><\/p>\n\n\n\n<p><em>\u201eO ran\u00e9 p\u00e9\u010di jsme se dozv\u011bd\u011bli hned v porodnici. A jsem za to vd\u011b\u010dn\u00e1. Za\u010d\u00e1tky byly to<\/em><em>ti\u017e opravdu kru\u0161n\u00e9. Hrozn\u011b jsme se o Ton\u00edka b\u00e1li, nev\u011bd\u011bli jsme, co bude d\u00e1l, jak to v\u0161echno zvl\u00e1dneme. Ran\u00e1 p\u00e9\u010de n\u00e1m dala informace na m\u00edru na\u0161\u00ed situaci, uk\u00e1zali n\u00e1m, jak se synem komunikovat a jak s n\u00edm pracovat, abychom ho rozv\u00edjeli.\u201c<\/em><\/p>\n\n\n\n<p><em>\u201eV\u0161em rodin\u00e1m, kter\u00e9 se v podobn\u00e9 situaci ocitnou, bych p\u0159\u00e1la, aby je to nedostalo jako rodinu na kolena. Proto\u017ee si mysl\u00edm, \u017ee k tomu nen\u00ed d\u016fvod. \u017de v\u0161echno m\u00e1 \u0159e\u0161en\u00ed, a nakonec i barvy:-) A \u017ee d\u00edt\u011b pot\u0159ebuje hlavn\u011b funguj\u00edc\u00ed z\u00e1zem\u00ed. P\u0159eji, aby rodi\u010de t\u00e1hli za jeden provaz, aby se kv\u016fli d\u00edt\u011b<\/em><em>ti s&nbsp;pos<\/em><em>ti\u017een\u00edm nestranili lid\u00ed. Doporu\u010duji kontaktovat ranou p\u00e9\u010di proto, \u017ee p\u0159in\u00e1\u0161\u00ed do rodin obrovskou podporu a klid. D\u00e1v\u00e1 informace, kter\u00e9 rodiny nedostanou ani od l\u00e9ka\u0159\u016f, ani od u\u010ditel\u016f. Konkr\u00e9tn\u011b pro n\u00e1s je to TOP slu\u017eba, ale t\u011b\u017eko se to popisuje, dokud to \u010dlov\u011bk neza\u017eije nap\u0159\u00edmo.\u201c<\/em><\/p>\n\n\n\n<p><em>\u201eP\u0159ed narozen\u00edm Tade\u00e1\u0161e jsme nev\u011bd\u011bli nic a pot\u00e9, p\u0159i diagn\u00f3ze, jsme od l\u00e9ka\u0159\u016f dostali jen sam\u00e9 nega<\/em><em>tivn\u00ed zpr\u00e1vy a \u0161patnou progn\u00f3zu. Uv\u00edtala bych, kdybych dostala informace co nejd\u0159\u00edve, hned s&nbsp;diagn\u00f3zou, aby l\u00e9ka\u0159ka zd\u016fraznila velk\u00fd p\u0159\u00ednos ran\u00e9 p\u00e9\u010de. Neurolo\u017eka n\u00e1m podala jen informace o&nbsp;tom, co je \u0161patn\u011b, ale nic o tom, co m\u016f\u017eeme d\u011blat. Chyb\u011bla n\u00e1m podpora v tom, \u017ee se Tade\u00e1\u0161 bude vyv\u00edjet, \u017ee na tom budeme pracovat.\u201c<\/em><\/p>\n","protected":false},"excerpt":{"rendered":"<p>Od 13. do 19. kv\u011btna 2024 prob\u011bhne u\u017e 17. ro\u010dn\u00edk osv\u011btov\u00e9 kampan\u011b T\u00fdden ran\u00e9 p\u00e9\u010de, kterou po\u0159\u00e1d\u00e1 Spole\u010dnost pro ranou p\u00e9\u010di. Cel\u00fd t\u00fdden bude zasv\u011bcen informov\u00e1n\u00ed o tom, jak rodin\u00e1m pe\u010duj\u00edc\u00edm o d\u00edt\u011b s&nbsp;posti\u017een\u00edm pom\u00e1h\u00e1 slu\u017eba ran\u00e1 p\u00e9\u010de a pro\u010d je bez nads\u00e1zky \u017eivotn\u011b d\u016fle\u017eit\u00e9, aby vhodn\u00e1 podpora d\u00edt\u011bte byla zah\u00e1jena v\u010das. A tak\u00e9 jak [&hellip;]<\/p>\n","protected":false},"author":7,"featured_media":0,"comment_status":"closed","ping_status":"closed","sticky":false,"template":"","format":"standard","meta":{"footnotes":""},"categories":[4],"tags":[],"class_list":["post-3123","post","type-post","status-publish","format-standard","hentry","category-pro-media"],"acf":[],"_links":{"self":[{"href":"https:\/\/tyden.ranapece.cz\/2025\/wp-json\/wp\/v2\/posts\/3123","targetHints":{"allow":["GET"]}}],"collection":[{"href":"https:\/\/tyden.ranapece.cz\/2025\/wp-json\/wp\/v2\/posts"}],"about":[{"href":"https:\/\/tyden.ranapece.cz\/2025\/wp-json\/wp\/v2\/types\/post"}],"author":[{"embeddable":true,"href":"https:\/\/tyden.ranapece.cz\/2025\/wp-json\/wp\/v2\/users\/7"}],"replies":[{"embeddable":true,"href":"https:\/\/tyden.ranapece.cz\/2025\/wp-json\/wp\/v2\/comments?post=3123"}],"version-history":[{"count":3,"href":"https:\/\/tyden.ranapece.cz\/2025\/wp-json\/wp\/v2\/posts\/3123\/revisions"}],"predecessor-version":[{"id":3128,"href":"https:\/\/tyden.ranapece.cz\/2025\/wp-json\/wp\/v2\/posts\/3123\/revisions\/3128"}],"wp:attachment":[{"href":"https:\/\/tyden.ranapece.cz\/2025\/wp-json\/wp\/v2\/media?parent=3123"}],"wp:term":[{"taxonomy":"category","embeddable":true,"href":"https:\/\/tyden.ranapece.cz\/2025\/wp-json\/wp\/v2\/categories?post=3123"},{"taxonomy":"post_tag","embeddable":true,"href":"https:\/\/tyden.ranapece.cz\/2025\/wp-json\/wp\/v2\/tags?post=3123"}],"curies":[{"name":"wp","href":"https:\/\/api.w.org\/{rel}","templated":true}]}}