{"id":2837,"date":"2023-04-27T08:27:16","date_gmt":"2023-04-27T06:27:16","guid":{"rendered":"https:\/\/tyden.ranapece.cz\/2025\/?p=2837"},"modified":"2023-04-27T13:23:26","modified_gmt":"2023-04-27T11:23:26","slug":"tyden-rane-pece-2023-stavime-mosty","status":"publish","type":"post","link":"https:\/\/tyden.ranapece.cz\/2025\/pro-media\/tyden-rane-pece-2023-stavime-mosty\/","title":{"rendered":"T\u00fdden ran\u00e9 p\u00e9\u010de 2023: Stav\u00edme mosty"},"content":{"rendered":"\n<figure class=\"wp-block-image size-large\"><img decoding=\"async\" src=\"https:\/\/tyden.ranapece.cz\/2025\/wp-content\/uploads\/sites\/2\/2023\/04\/banner-tyden-rana-pece-2301-1920x700-web-1024x373.jpg\" alt=\"\" class=\"wp-image-2838\"\/><\/figure>\n\n\n\n<p><strong>16. ro\u010dn\u00edk informa\u010dn\u00ed a osv\u011btov\u00e9 kampan\u011b T\u00fdden ran\u00e9 p\u00e9\u010de, kterou po\u0159\u00e1d\u00e1 Spole\u010dnost pro ranou p\u00e9\u010di, se letos uskute\u010dn\u00ed netradi\u010dn\u011b v jarn\u00edm term\u00ednu, od 15. do 21. kv\u011btna. Do akce se zapoj\u00ed t\u0159ic\u00edtka poskytovatel\u016f soci\u00e1ln\u00ed slu\u017eby ran\u00e1 p\u00e9\u010de z&nbsp;cel\u00e9 \u010cesk\u00e9 republiky a prost\u0159ednictv\u00edm m\u00e9di\u00ed, akc\u00ed pro laiky i odborn\u00edky i v&nbsp;online prostoru budou v&nbsp;pr\u016fb\u011bhu cel\u00e9ho t\u00fddne ukazovat ve\u0159ejnosti, s&nbsp;\u010d\u00edm se mus\u00ed pot\u00fdkat rodiny vychov\u00e1vaj\u00edc\u00ed d\u00edt\u011b s&nbsp;posti\u017een\u00edm a jak jim v&nbsp;n\u00e1ro\u010dn\u00e9 \u017eivotn\u00ed etap\u011b pom\u00e1h\u00e1 slu\u017eba ran\u00e1 p\u00e9\u010de.<\/strong><\/p>\n\n\n\n<p>Motto kampan\u011b \u201eStav\u00edme mosty\u201c odkazuje k&nbsp;c\u00edl\u016fm sedmidenn\u00ed akce. <em>\u201eStav\u011bt mosty znamen\u00e1 propojovat a&nbsp;na\u0161\u00edm c\u00edlem je spojovat rodiny d\u011bt\u00ed s&nbsp;posti\u017een\u00edm se slu\u017ebou ran\u00e9 p\u00e9\u010de, spojovat odborn\u00edky a zdravotn\u00edky, kte\u0159\u00ed se pod\u00edlej\u00ed na p\u00e9\u010di o d\u00edt\u011b s&nbsp;hendikepem, navz\u00e1jem, a posilovat tak mezioborovou spolupr\u00e1ci p\u0159i p\u00e9\u010di o d\u00edt\u011b s&nbsp;hendikepem a na rodinu orientovan\u00fd p\u0159\u00edstup. Chceme, aby rodiny d\u011bt\u00ed s&nbsp;posti\u017een\u00edm dok\u00e1zaly p\u0159ekonat \u0161ok po zji\u0161t\u011bn\u00ed v\u00e1\u017en\u00e9 diagn\u00f3zy d\u00edt\u011bte a postupn\u011b se vr\u00e1tily do b\u011b\u017en\u00e9ho rytmu \u017eivota, bez obav ze spole\u010densk\u00e9 izolace. K tomu jim poskytujeme pot\u0159ebnou pomoc a podporu,\u201c<\/em> \u0159\u00edk\u00e1 vedouc\u00ed pra\u017esk\u00e9ho pracovi\u0161t\u011b Spole\u010dnosti pro ranou p\u00e9\u010di Petra \u0160taffov\u00e1.<\/p>\n\n\n\n<p><strong>Pra\u017esk\u00e9 mosty spoj\u00ed odborn\u00edky ran\u00e9 p\u00e9\u010de<\/strong><\/p>\n\n\n\n<p>Leto\u0161n\u00ed ro\u010dn\u00edk T\u00fddne ran\u00e9 p\u00e9\u010de je v\u00fdjime\u010dn\u00fd i v&nbsp;tom, \u017ee se v&nbsp;jeho pr\u016fb\u011bhu v&nbsp;Praze uskute\u010dn\u00ed v\u00fdznamn\u00e9 setk\u00e1n\u00ed odborn\u00edk\u016f z&nbsp;oboru ran\u00e9 p\u00e9\u010de z&nbsp;cel\u00e9ho sv\u011bta v&nbsp;r\u00e1mci mezin\u00e1rodn\u00ed <a href=\"https:\/\/www.eciprague.com\/cs\/\" data-type=\"URL\" data-id=\"https:\/\/www.eciprague.com\/cs\/\">Konference ran\u00e9 p\u00e9\u010de EURLYAID<\/a>. Na 400 \u00fa\u010dastn\u00edk\u016f z&nbsp;Evropy i ze z\u00e1mo\u0159\u00ed bude v&nbsp;Praze diskutovat o aktu\u00e1ln\u00edch trendech v&nbsp;podpo\u0159e rodin d\u011bt\u00ed s&nbsp;posti\u017een\u00edm, a to v\u010detn\u011b samotn\u00fdch rodi\u010d\u016f d\u011bt\u00ed s&nbsp;hendikepem. Sou\u010d\u00e1st\u00ed konference je i diskusn\u00ed panel s&nbsp;p\u0159edstaviteli resort\u016f zdravotnictv\u00ed a soci\u00e1ln\u00edch v\u011bc\u00ed, z\u00e1stupci spolupracuj\u00edc\u00edch organizac\u00ed i rodi\u010d\u016f, jeho\u017e t\u00e9matem bude v\u010dasnost a dostupnost podpory pro rodiny d\u011bt\u00ed s&nbsp;posti\u017een\u00edm v&nbsp;\u010cesk\u00e9 republice.<\/p>\n\n\n\n<p><strong>Program po cel\u00e9m \u010cesku<\/strong><\/p>\n\n\n\n<p>T\u00fdden ran\u00e9 p\u00e9\u010de napln\u00ed \u0159ada nejr\u016fzn\u011bj\u0161\u00edch aktivit po cel\u00e9 \u010cesk\u00e9 republice \u2013 budou se konat dny otev\u0159en\u00fdch dve\u0159\u00ed, workshopy s&nbsp;odborn\u00edky, akce pro rodiny, v\u00fdstavy, v&nbsp;online prostoru pob\u011b\u017e\u00ed p\u0159\u00edb\u011bhy rodin, kter\u00e9 maj\u00ed s&nbsp;ranou p\u00e9\u010d\u00ed osobn\u00ed zku\u0161enost. Podrobn\u00fd program kampan\u011b v&nbsp;\u010desk\u00fdch m\u011bstech je dostupn\u00fd na <a href=\"https:\/\/tyden.ranapece.cz\/2025\/\">https:\/\/tyden.ranapece.cz\/2025\/<\/a>. Do kampan\u011b se vedle jednotliv\u00fdch pracovi\u0161\u0165 ran\u00e9 p\u00e9\u010de tradi\u010dn\u011b zapojuj\u00ed tak\u00e9 studenti, dobrovoln\u00edci, sponzo\u0159i, v\u00fdznamn\u00e9 osobnosti, v\u011bdci.<\/p>\n\n\n\n<p>Z\u00e1\u0161titu nad kampan\u00ed p\u0159evzal Nada\u010dn\u00ed fond \u010cesk\u00e9ho rozhlasu, sb\u00edrka Sv\u011btlu\u0161ka, Nadace Leontinka, Asociace ran\u00e9 p\u00e9\u010de \u010cR, Nadace rodiny Vl\u010dkov\u00fdch.<\/p>\n\n\n\n<div class=\"wp-block-group\"><div class=\"wp-block-group__inner-container is-layout-constrained wp-block-group-is-layout-constrained\">\n<div class=\"wp-block-columns is-layout-flex wp-container-core-columns-is-layout-9d6595d7 wp-block-columns-is-layout-flex\">\n<div class=\"wp-block-column is-layout-flow wp-block-column-is-layout-flow\">\n<figure class=\"wp-block-image size-full is-resized\"><img loading=\"lazy\" decoding=\"async\" src=\"https:\/\/tyden.ranapece.cz\/2025\/wp-content\/uploads\/sites\/2\/2023\/04\/stazeny-soubor-1.png\" alt=\"\" class=\"wp-image-2844\" width=\"453\" height=\"121\" srcset=\"https:\/\/tyden.ranapece.cz\/2025\/wp-content\/uploads\/sites\/2\/2023\/04\/stazeny-soubor-1.png 434w, https:\/\/tyden.ranapece.cz\/2025\/wp-content\/uploads\/sites\/2\/2023\/04\/stazeny-soubor-1-300x80.png 300w\" sizes=\"auto, (max-width: 453px) 100vw, 453px\" \/><\/figure>\n<\/div>\n\n\n\n<div class=\"wp-block-column is-layout-flow wp-block-column-is-layout-flow\"><div class=\"wp-block-image\">\n<figure class=\"alignleft size-full is-resized\"><img loading=\"lazy\" decoding=\"async\" src=\"https:\/\/tyden.ranapece.cz\/2025\/wp-content\/uploads\/sites\/2\/2022\/09\/leontinka.jpg\" alt=\"\" class=\"wp-image-2362\" width=\"206\" height=\"147\" srcset=\"https:\/\/tyden.ranapece.cz\/2025\/wp-content\/uploads\/sites\/2\/2022\/09\/leontinka.jpg 827w, https:\/\/tyden.ranapece.cz\/2025\/wp-content\/uploads\/sites\/2\/2022\/09\/leontinka-300x214.jpg 300w, https:\/\/tyden.ranapece.cz\/2025\/wp-content\/uploads\/sites\/2\/2022\/09\/leontinka-768x549.jpg 768w, https:\/\/tyden.ranapece.cz\/2025\/wp-content\/uploads\/sites\/2\/2022\/09\/leontinka-700x500.jpg 700w\" sizes=\"auto, (max-width: 206px) 100vw, 206px\" \/><\/figure>\n<\/div><\/div>\n<\/div>\n<\/div><\/div>\n\n\n\n<div class=\"wp-block-columns is-layout-flex wp-container-core-columns-is-layout-9d6595d7 wp-block-columns-is-layout-flex\">\n<div class=\"wp-block-column is-layout-flow wp-block-column-is-layout-flow\">\n<figure class=\"wp-block-image size-large is-resized\"><img loading=\"lazy\" decoding=\"async\" src=\"https:\/\/tyden.ranapece.cz\/2025\/wp-content\/uploads\/sites\/2\/2023\/04\/ARP-CR_logo-1024x549.png\" alt=\"\" class=\"wp-image-2710\" width=\"280\" height=\"149\" srcset=\"https:\/\/tyden.ranapece.cz\/2025\/wp-content\/uploads\/sites\/2\/2023\/04\/ARP-CR_logo-1024x549.png 1024w, https:\/\/tyden.ranapece.cz\/2025\/wp-content\/uploads\/sites\/2\/2023\/04\/ARP-CR_logo-300x161.png 300w, https:\/\/tyden.ranapece.cz\/2025\/wp-content\/uploads\/sites\/2\/2023\/04\/ARP-CR_logo-768x412.png 768w, https:\/\/tyden.ranapece.cz\/2025\/wp-content\/uploads\/sites\/2\/2023\/04\/ARP-CR_logo-933x500.png 933w, https:\/\/tyden.ranapece.cz\/2025\/wp-content\/uploads\/sites\/2\/2023\/04\/ARP-CR_logo.png 1032w\" sizes=\"auto, (max-width: 280px) 100vw, 280px\" \/><\/figure>\n<\/div>\n\n\n\n<div class=\"wp-block-column is-layout-flow wp-block-column-is-layout-flow\">\n<figure class=\"wp-block-image size-large is-resized\"><img loading=\"lazy\" decoding=\"async\" src=\"https:\/\/tyden.ranapece.cz\/2025\/wp-content\/uploads\/sites\/2\/2023\/04\/nrv-logo-colour-1024x545.png\" alt=\"\" class=\"wp-image-2777\" width=\"277\" height=\"146\" srcset=\"https:\/\/tyden.ranapece.cz\/2025\/wp-content\/uploads\/sites\/2\/2023\/04\/nrv-logo-colour-1024x545.png 1024w, https:\/\/tyden.ranapece.cz\/2025\/wp-content\/uploads\/sites\/2\/2023\/04\/nrv-logo-colour-768x408.png 768w, https:\/\/tyden.ranapece.cz\/2025\/wp-content\/uploads\/sites\/2\/2023\/04\/nrv-logo-colour-1536x817.png 1536w, https:\/\/tyden.ranapece.cz\/2025\/wp-content\/uploads\/sites\/2\/2023\/04\/nrv-logo-colour-1128x600.png 1128w, https:\/\/tyden.ranapece.cz\/2025\/wp-content\/uploads\/sites\/2\/2023\/04\/nrv-logo-colour-940x500.png 940w, https:\/\/tyden.ranapece.cz\/2025\/wp-content\/uploads\/sites\/2\/2023\/04\/nrv-logo-colour-1280x681.png 1280w, https:\/\/tyden.ranapece.cz\/2025\/wp-content\/uploads\/sites\/2\/2023\/04\/nrv-logo-colour.png 1600w\" sizes=\"auto, (max-width: 277px) 100vw, 277px\" \/><\/figure>\n<\/div>\n<\/div>\n","protected":false},"excerpt":{"rendered":"<p>16. ro\u010dn\u00edk informa\u010dn\u00ed a osv\u011btov\u00e9 kampan\u011b T\u00fdden ran\u00e9 p\u00e9\u010de, kterou po\u0159\u00e1d\u00e1 Spole\u010dnost pro ranou p\u00e9\u010di, se letos uskute\u010dn\u00ed netradi\u010dn\u011b v jarn\u00edm term\u00ednu, od 15. do 21. kv\u011btna. Do akce se zapoj\u00ed t\u0159ic\u00edtka poskytovatel\u016f soci\u00e1ln\u00ed slu\u017eby ran\u00e1 p\u00e9\u010de z&nbsp;cel\u00e9 \u010cesk\u00e9 republiky a prost\u0159ednictv\u00edm m\u00e9di\u00ed, akc\u00ed pro laiky i odborn\u00edky i v&nbsp;online prostoru budou v&nbsp;pr\u016fb\u011bhu cel\u00e9ho t\u00fddne [&hellip;]<\/p>\n","protected":false},"author":4,"featured_media":0,"comment_status":"closed","ping_status":"closed","sticky":false,"template":"","format":"standard","meta":{"footnotes":""},"categories":[4],"tags":[],"class_list":["post-2837","post","type-post","status-publish","format-standard","hentry","category-pro-media"],"acf":[],"_links":{"self":[{"href":"https:\/\/tyden.ranapece.cz\/2025\/wp-json\/wp\/v2\/posts\/2837","targetHints":{"allow":["GET"]}}],"collection":[{"href":"https:\/\/tyden.ranapece.cz\/2025\/wp-json\/wp\/v2\/posts"}],"about":[{"href":"https:\/\/tyden.ranapece.cz\/2025\/wp-json\/wp\/v2\/types\/post"}],"author":[{"embeddable":true,"href":"https:\/\/tyden.ranapece.cz\/2025\/wp-json\/wp\/v2\/users\/4"}],"replies":[{"embeddable":true,"href":"https:\/\/tyden.ranapece.cz\/2025\/wp-json\/wp\/v2\/comments?post=2837"}],"version-history":[{"count":6,"href":"https:\/\/tyden.ranapece.cz\/2025\/wp-json\/wp\/v2\/posts\/2837\/revisions"}],"predecessor-version":[{"id":2849,"href":"https:\/\/tyden.ranapece.cz\/2025\/wp-json\/wp\/v2\/posts\/2837\/revisions\/2849"}],"wp:attachment":[{"href":"https:\/\/tyden.ranapece.cz\/2025\/wp-json\/wp\/v2\/media?parent=2837"}],"wp:term":[{"taxonomy":"category","embeddable":true,"href":"https:\/\/tyden.ranapece.cz\/2025\/wp-json\/wp\/v2\/categories?post=2837"},{"taxonomy":"post_tag","embeddable":true,"href":"https:\/\/tyden.ranapece.cz\/2025\/wp-json\/wp\/v2\/tags?post=2837"}],"curies":[{"name":"wp","href":"https:\/\/api.w.org\/{rel}","templated":true}]}}