{"id":2830,"date":"2023-04-24T08:15:27","date_gmt":"2023-04-24T06:15:27","guid":{"rendered":"https:\/\/tyden.ranapece.cz\/2025\/?p=2830"},"modified":"2023-04-27T08:19:49","modified_gmt":"2023-04-27T06:19:49","slug":"soucasti-tydne-rane-pece-2023-je-mezinarodni-konference-rane-pece-eurlyaid-v-praze","status":"publish","type":"post","link":"https:\/\/tyden.ranapece.cz\/2025\/pro-media\/soucasti-tydne-rane-pece-2023-je-mezinarodni-konference-rane-pece-eurlyaid-v-praze\/","title":{"rendered":"Sou\u010d\u00e1st\u00ed T\u00fddne ran\u00e9 p\u00e9\u010de 2023 je mezin\u00e1rodn\u00ed Konference ran\u00e9 p\u00e9\u010de EURLYAID v Praze"},"content":{"rendered":"\n<p><strong>Praha se 15. a 16. kv\u011btna 2023 stane d\u011bji\u0161t\u011bm mimo\u0159\u00e1dn\u00e9ho mezin\u00e1rodn\u00edho setk\u00e1n\u00ed odborn\u00edk\u016f, kte\u0159\u00ed se zab\u00fdvaj\u00ed podporou rodin d\u011bt\u00ed s\u00a0posti\u017een\u00edm. Na <a href=\"https:\/\/www.eciprague.com\/cs\/\">Konferenci ran\u00e9 p\u00e9\u010de EURLYAID<\/a> doraz\u00ed na 350 \u00fa\u010dastn\u00edk\u016f z\u00a0cel\u00e9ho sv\u011bta, krom\u011b poradc\u016f ran\u00e9 p\u00e9\u010de tak\u00e9 l\u00e9ka\u0159i, soci\u00e1ln\u00ed pracovn\u00edci, speci\u00e1ln\u00ed pedagogov\u00e9, pracovn\u00edci d\u011btsk\u00e9 paliativn\u00ed p\u00e9\u010de a mnoz\u00ed dal\u0161\u00ed. Mezin\u00e1rodn\u00ed konferenci v\u00a0hotelu Vienna House Diplomat Prague po\u0159\u00e1d\u00e1 Spole\u010dnost pro ranou p\u00e9\u010di ve spolupr\u00e1ci s\u00a0Evropskou asociac\u00ed ran\u00e9 p\u00e9\u010de EURLYAID.<\/strong><\/p>\n\n\n\n<p>C\u00edlem konference je pozn\u00e1n\u00ed mo\u017enost\u00ed spolupr\u00e1ce nap\u0159\u00ed\u010d obory a ukotven\u00ed ran\u00e9 p\u00e9\u010de v&nbsp;syst\u00e9mu p\u00e9\u010de o d\u011bti se zdravotn\u00edm posti\u017een\u00edm a jejich rodiny. Z\u00e1sadn\u00ed je t\u00e9\u017e p\u0159edstavit nov\u00e9 trendy mezioborov\u00e9 spolupr\u00e1ce a jejich p\u0159\u00ednos pro rodiny i odborn\u00edky. I proto zn\u00ed motto konference <em>Spole\u010dn\u011b stav\u00edme mosty v ran\u00e9 p\u00e9\u010di<\/em>.\u201e<em>Stav\u011bt mosty v&nbsp;Praze by se na prvn\u00ed pohled mohlo zd\u00e1t jako no\u0161en\u00ed d\u0159\u00edv\u00ed do lesa. ALE! Podpora rodin d\u011bt\u00ed s&nbsp;posti\u017een\u00edm vy\u017eaduje dostupn\u00e9, kvalitn\u00ed slu\u017eby a pro ty je bezpodm\u00edne\u010dn\u011b nutn\u00e1 spolupr\u00e1ce nejenom v&nbsp;transdisciplin\u00e1rn\u00edm t\u00fdmu ran\u00e9 p\u00e9\u010de, ale i nap\u0159\u00ed\u010d mezi organizacemi a&nbsp;resorty. Proto je motto konference v\u00edc ne\u017e aktu\u00e1ln\u00ed. St\u00e1le je\u0161t\u011b toti\u017e nen\u00ed soci\u00e1ln\u00ed slu\u017eba ran\u00e1 p\u00e9\u010de dostupn\u00e1 v\u0161em rodin\u00e1m, kter\u00e9 na ni maj\u00ed n\u00e1rok. \u010cekac\u00ed doby jsou rozd\u00edln\u00e9 v&nbsp;kraj\u00edch, ale nez\u0159\u00eddka dosahuj\u00ed i&nbsp;mnoha m\u011bs\u00edc\u016f. Proto je nutn\u00e9 spolupracovat, iniciovat spolupr\u00e1ci ministerstev zdravotnictv\u00ed a pr\u00e1ce a soci\u00e1ln\u00edch v\u011bc\u00ed a stav\u011bt mosty k&nbsp;v\u010dasn\u00e9 a dostupn\u00e9 slu\u017eb\u011b pro rodiny d\u011bt\u00ed s&nbsp;posti\u017een\u00edm,<\/em><em>\u201c <\/em>komentuje Jitka Barlov\u00e1, \u0159editelka pra\u017esk\u00e9 pobo\u010dky Spole\u010dnosti pro ranou p\u00e9\u010di a \u010dlenka rady EURLYAID.<\/p>\n\n\n\n<p>P\u0159edn\u00e1\u0161ej\u00edc\u00ed jsou \u0161pi\u010dkami ve sv\u00e9m oboru, \u00fa\u010dast potvrdil p\u0159edseda Sv\u011btov\u00e9 asociace ran\u00e9 p\u00e9\u010de (ISEI) a&nbsp;profesor psychologie a pediatrie na univerzit\u011b ve Washingtonu Michael Guralnick. Z The Royal Children\u00b4s Hospital Melbourne p\u0159ijede d\u011btsk\u00fd psycholog Tim Moore a z Univerzity Alabama profesor speci\u00e1ln\u00ed pedagogiky ran\u00e9ho d\u011btstv\u00ed Robin McWilliam. Konferenc\u00ed budou rezonovat t\u00e9mata jako inkluze d\u011bt\u00ed s&nbsp;hendikepem, d\u016fle\u017eitost pozitivn\u00edch vztah\u016f pro stabilizaci a rozkv\u011bt rodiny, nebo jak mohou odborn\u00edci kolem d\u00edt\u011bte pracovat jako efektivn\u00ed t\u00fdm. Detailn\u00ed program i medailonky p\u0159edn\u00e1\u0161ej\u00edc\u00edch zde: <a href=\"https:\/\/www.eciprague.com\/cs\/#speakers\">https:\/\/www.eciprague.com\/cs\/#speakers<\/a>. Zv\u00e1ni jsou tak\u00e9 samotn\u00ed rodi\u010de d\u011bt\u00ed s&nbsp;hendikepem. Nejv\u011bt\u0161\u00edmi experty na sv\u00e9 d\u011bti jsou pr\u00e1v\u011b oni, proto je d\u016fle\u017eit\u00fdm t\u00e9matem pos\u00edlen\u00ed jejich role. D\u00edky podpo\u0159e Nadace Leontinka maj\u00ed \u00fa\u010dast na konferenci zdarma a p\u0159ipraveny jsou pro n\u011b speci\u00e1ln\u00ed workshopy, nap\u0159\u00edklad program australsk\u00e9 fyzioterapeutky Denise Luscombe <em>Podpora d\u00edt\u011bte v&nbsp;le\u017e\u00edc\u00ed poloze<\/em>.<\/p>\n\n\n\n<p>Sou\u010d\u00e1st\u00ed konference je tak\u00e9 diskusn\u00ed panel s&nbsp;n\u00e1zvem <em>Ka\u017ed\u00fd den se po\u010d\u00edt\u00e1<\/em> tematicky zam\u011b\u0159en\u00fd na v\u010dasnou podporu rodin, kter\u00e9 pe\u010duj\u00ed o d\u00edt\u011b t\u011b\u017ece nemocn\u00e9 \u010di s&nbsp;posti\u017een\u00edm v&nbsp;\u010cesk\u00e9 republice, p\u0159edev\u0161\u00edm pak na spolupr\u00e1ci zdravotn\u00edho a soci\u00e1ln\u00edho syst\u00e9mu v&nbsp;dob\u011b, kdy rodina zji\u0161\u0165uje, \u017ee v\u00fdvoj d\u00edt\u011bte je v\u00fdznamn\u011b ohro\u017een, nebo se vyrovn\u00e1v\u00e1 s&nbsp;nep\u0159\u00edznivou diagn\u00f3zou. Diskuse se krom\u011b z\u00e1stupc\u016f Ministerstva zdravotnictv\u00ed a Ministerstva pr\u00e1ce a soci\u00e1ln\u00edch v\u011bc\u00ed z\u00fa\u010dastn\u00ed z\u00e1stupci UNICEF a tak\u00e9 rodi\u010de d\u011bt\u00ed s&nbsp;posti\u017een\u00edm. Ti budou m\u00edt p\u0159\u00edle\u017eitost vyj\u00e1d\u0159it sv\u00e9 pot\u0159eby, reflektovat sou\u010dasn\u00fd syst\u00e9m podpory rodin s&nbsp;d\u011btmi s&nbsp;hendikepem v&nbsp;\u010cesk\u00e9 republice a iniciovat jeho zm\u011bny.<\/p>\n\n\n\n<p>Konference je jednou z&nbsp;hlavn\u00edch aktivit ka\u017edoro\u010dn\u00ed \u010desk\u00e9 osv\u011btov\u00e9 kampan\u011b nazvan\u00e9 <strong>T\u00fdden ran\u00e9 p\u00e9\u010de<\/strong> (<a href=\"http:\/\/www.tydenranepece.cz\">www.tydenranepece.cz<\/a>) a zam\u011b\u0159en\u00e9 na informov\u00e1n\u00ed \u0161irok\u00e9 ve\u0159ejnosti o tom, jak rodin\u00e1m d\u011bt\u00ed s&nbsp;hendikepem pom\u00e1h\u00e1 odborn\u00e1 a individu\u00e1ln\u011b c\u00edlen\u00e1 podpora ran\u00e9 p\u00e9\u010de. V\u011b\u0159\u00edme, \u017ee ob\u011b akce zv\u00fd\u0161\u00ed pov\u011bdom\u00ed laik\u016f i odborn\u00edk\u016f o ran\u00e9 p\u00e9\u010di a situaci rodin pe\u010duj\u00edc\u00edch o d\u00edt\u011b s&nbsp;posti\u017een\u00edm \u010di v\u00e1\u017en\u00fdm onemocn\u011bn\u00edm.<\/p>\n\n\n\n<p>Hlavn\u00edmi partnery konference jsou: UNICEF, Nada\u010dn\u00ed fond Abakus, Nadace rodiny Vl\u010dkov\u00fdch, Nadace Leontinka. Partnery konference jsou Prague Marriott Hotel, V\u00fdbor dobr\u00e9 v\u016fle \u2013 Nadace Olgy Havlov\u00e9, spole\u010dnost CPL Jobs.<\/p>\n\n\n\n<figure class=\"wp-block-image size-large\"><a href=\"https:\/\/www.eciprague.com\/cs\/\"><img loading=\"lazy\" decoding=\"async\" width=\"1024\" height=\"341\" src=\"https:\/\/tyden.ranapece.cz\/2025\/wp-content\/uploads\/sites\/2\/2023\/04\/Baner_WEB_2400x800-1024x341.jpg\" alt=\"\" class=\"wp-image-2831\" srcset=\"https:\/\/tyden.ranapece.cz\/2025\/wp-content\/uploads\/sites\/2\/2023\/04\/Baner_WEB_2400x800-1024x341.jpg 1024w, https:\/\/tyden.ranapece.cz\/2025\/wp-content\/uploads\/sites\/2\/2023\/04\/Baner_WEB_2400x800-300x100.jpg 300w, https:\/\/tyden.ranapece.cz\/2025\/wp-content\/uploads\/sites\/2\/2023\/04\/Baner_WEB_2400x800-768x256.jpg 768w, https:\/\/tyden.ranapece.cz\/2025\/wp-content\/uploads\/sites\/2\/2023\/04\/Baner_WEB_2400x800-1536x512.jpg 1536w, https:\/\/tyden.ranapece.cz\/2025\/wp-content\/uploads\/sites\/2\/2023\/04\/Baner_WEB_2400x800-1800x600.jpg 1800w, https:\/\/tyden.ranapece.cz\/2025\/wp-content\/uploads\/sites\/2\/2023\/04\/Baner_WEB_2400x800-1500x500.jpg 1500w, https:\/\/tyden.ranapece.cz\/2025\/wp-content\/uploads\/sites\/2\/2023\/04\/Baner_WEB_2400x800-1280x427.jpg 1280w, https:\/\/tyden.ranapece.cz\/2025\/wp-content\/uploads\/sites\/2\/2023\/04\/Baner_WEB_2400x800.jpg 1920w\" sizes=\"auto, (max-width: 1024px) 100vw, 1024px\" \/><\/a><\/figure>\n\n\n\n<p><\/p>\n","protected":false},"excerpt":{"rendered":"<p>Praha se 15. a 16. kv\u011btna 2023 stane d\u011bji\u0161t\u011bm mimo\u0159\u00e1dn\u00e9ho mezin\u00e1rodn\u00edho setk\u00e1n\u00ed odborn\u00edk\u016f, kte\u0159\u00ed se zab\u00fdvaj\u00ed podporou rodin d\u011bt\u00ed s\u00a0posti\u017een\u00edm. Na Konferenci ran\u00e9 p\u00e9\u010de EURLYAID doraz\u00ed na 350 \u00fa\u010dastn\u00edk\u016f z\u00a0cel\u00e9ho sv\u011bta, krom\u011b poradc\u016f ran\u00e9 p\u00e9\u010de tak\u00e9 l\u00e9ka\u0159i, soci\u00e1ln\u00ed pracovn\u00edci, speci\u00e1ln\u00ed pedagogov\u00e9, pracovn\u00edci d\u011btsk\u00e9 paliativn\u00ed p\u00e9\u010de a mnoz\u00ed dal\u0161\u00ed. Mezin\u00e1rodn\u00ed konferenci v\u00a0hotelu Vienna House Diplomat Prague [&hellip;]<\/p>\n","protected":false},"author":4,"featured_media":0,"comment_status":"closed","ping_status":"closed","sticky":false,"template":"","format":"standard","meta":{"footnotes":""},"categories":[4],"tags":[],"class_list":["post-2830","post","type-post","status-publish","format-standard","hentry","category-pro-media"],"acf":[],"_links":{"self":[{"href":"https:\/\/tyden.ranapece.cz\/2025\/wp-json\/wp\/v2\/posts\/2830","targetHints":{"allow":["GET"]}}],"collection":[{"href":"https:\/\/tyden.ranapece.cz\/2025\/wp-json\/wp\/v2\/posts"}],"about":[{"href":"https:\/\/tyden.ranapece.cz\/2025\/wp-json\/wp\/v2\/types\/post"}],"author":[{"embeddable":true,"href":"https:\/\/tyden.ranapece.cz\/2025\/wp-json\/wp\/v2\/users\/4"}],"replies":[{"embeddable":true,"href":"https:\/\/tyden.ranapece.cz\/2025\/wp-json\/wp\/v2\/comments?post=2830"}],"version-history":[{"count":3,"href":"https:\/\/tyden.ranapece.cz\/2025\/wp-json\/wp\/v2\/posts\/2830\/revisions"}],"predecessor-version":[{"id":2836,"href":"https:\/\/tyden.ranapece.cz\/2025\/wp-json\/wp\/v2\/posts\/2830\/revisions\/2836"}],"wp:attachment":[{"href":"https:\/\/tyden.ranapece.cz\/2025\/wp-json\/wp\/v2\/media?parent=2830"}],"wp:term":[{"taxonomy":"category","embeddable":true,"href":"https:\/\/tyden.ranapece.cz\/2025\/wp-json\/wp\/v2\/categories?post=2830"},{"taxonomy":"post_tag","embeddable":true,"href":"https:\/\/tyden.ranapece.cz\/2025\/wp-json\/wp\/v2\/tags?post=2830"}],"curies":[{"name":"wp","href":"https:\/\/api.w.org\/{rel}","templated":true}]}}