{"id":2550,"date":"2022-11-02T08:51:15","date_gmt":"2022-11-02T07:51:15","guid":{"rendered":"https:\/\/tyden.ranapece.cz\/2025\/?p=2550"},"modified":"2022-11-02T08:51:17","modified_gmt":"2022-11-02T07:51:17","slug":"tyden-rane-pece-2022-rodice-maji-pravo-dozvedet-se-o-rane-peci-vcas","status":"publish","type":"post","link":"https:\/\/tyden.ranapece.cz\/2025\/nezarazene\/tyden-rane-pece-2022-rodice-maji-pravo-dozvedet-se-o-rane-peci-vcas\/","title":{"rendered":"T\u00fdden ran\u00e9 p\u00e9\u010de 2022: rodi\u010de maj\u00ed pr\u00e1vo dozv\u011bd\u011bt se o ran\u00e9 p\u00e9\u010di v\u010das"},"content":{"rendered":"\n<p><strong>Osv\u011btov\u00e1 kampa\u0148 T\u00fdden ran\u00e9 p\u00e9\u010de, jej\u00edm\u017e organiz\u00e1torem je Spole\u010dnost pro ranou p\u00e9\u010di, m\u00e1 u\u017e patn\u00e1ctiletou tradici. Letos bude prob\u00edhat od 7. do 13. listopadu a zapoj\u00ed se do n\u00ed p\u0159es t\u0159icet poskytovatel\u016f slu\u017eby ran\u00e9 p\u00e9\u010de z&nbsp;cel\u00e9 \u010cesk\u00e9 republiky. B\u011bhem cel\u00e9ho t\u00fddne budou prost\u0159ednictv\u00edm m\u00e9di\u00ed, na akc\u00edch pro laiky i odborn\u00edky i v&nbsp;online prostoru informovat o tom, jak ran\u00e1 p\u00e9\u010de rodin\u00e1m s&nbsp;d\u011btmi s&nbsp;posti\u017een\u00edm pom\u00e1h\u00e1 a pro\u010d je d\u016fle\u017eit\u00e9, aby se o n\u00ed rodi\u010de dozv\u011bd\u011bli v\u010das.<\/strong><strong><\/strong><\/p>\n\n\n\n<p><strong>Ka\u017ed\u00fd den se po\u010d\u00edt\u00e1<\/strong><\/p>\n\n\n\n<p>Rodi\u010de, jim\u017e se narod\u00ed d\u00edt\u011b s posti\u017een\u00edm, se ocitaj\u00ed v nezn\u00e1m\u00e9 a velmi n\u00e1ro\u010dn\u00e9 \u017eivotn\u00ed situaci. Za\u017e\u00edvaj\u00ed mnoho nejistot ohledn\u011b zdravotn\u00edho stavu d\u00edt\u011bte, ocitaj\u00ed se pod palbou diagn\u00f3z, nejist\u00fdch predikc\u00ed, absolvuj\u00ed \u010detn\u00e1 vy\u0161et\u0159en\u00ed. Hned po narozen\u00ed d\u00edt\u011bte a po zji\u0161t\u011bn\u00ed, \u017ee jeho v\u00fdvoj je z&nbsp;n\u011bjak\u00e9ho d\u016fvodu ohro\u017een, se rodi\u010de mohou obr\u00e1tit na bezplatnou slu\u017ebu ran\u00e9 p\u00e9\u010de. Poradkyn\u011b ran\u00e9 p\u00e9\u010de jezd\u00ed za rodinami p\u0159\u00edmo dom\u016f a ukazuj\u00ed rodi\u010d\u016fm, jak d\u00edt\u011b stimulovat, zap\u016fj\u010d\u00ed pom\u016fcky, poskytnou soci\u00e1ln\u00ed poradenstv\u00ed.<em> \u201eMnoz\u00ed se ale o t\u00e9to mo\u017enosti dozv\u00eddaj\u00ed pozd\u011b nebo v\u016fbec. Aktu\u00e1ln\u011b se ran\u00e1 p\u00e9\u010de dostane jen ke 3 d\u011btem z&nbsp;10. V\u010dasn\u00e9 zah\u00e1jen\u00ed podpory v\u00fdvoje d\u00edt\u011bte je p\u0159itom nesm\u00edrn\u011b d\u016fle\u017eit\u00e9. U&nbsp;nejmen\u0161\u00edch d\u011bt\u00ed je \u0161koda doslova ka\u017ed\u00e9ho dne, kdy d\u00edt\u011b nedost\u00e1v\u00e1 vhodn\u011b podn\u011bty a nem\u016f\u017ee se rozv\u00edjet,\u201c<\/em> \u0159\u00edk\u00e1 vedouc\u00ed pra\u017esk\u00e9 pobo\u010dky Spole\u010dnosti pro ranou p\u00e9\u010di Petra \u0160taffov\u00e1.<\/p>\n\n\n\n<p><strong>V\u010dasn\u00e9 informov\u00e1n\u00ed<\/strong><\/p>\n\n\n\n<p>Obhajoba pr\u00e1va rodi\u010d\u016f d\u011bt\u00ed s&nbsp;posti\u017een\u00edm na v\u010dasnou informaci o ran\u00e9 p\u00e9\u010di se proto st\u00e1v\u00e1 st\u011b\u017eejn\u00edm t\u00e9matem leto\u0161n\u00edho T\u00fddne ran\u00e9 p\u00e9\u010de<em>. \u201eC\u00edlem je nejen zv\u00fd\u0161it pov\u011bdom\u00ed \u0161irok\u00e9 ve\u0159ejnosti o ran\u00e9 p\u00e9\u010di, ale tak\u00e9 pos\u00edlit interdisciplin\u00e1rn\u00ed spolupr\u00e1ci nap\u0159\u00ed\u010d p\u0159\u00edbuzn\u00fdmi resorty soci\u00e1ln\u00ed pr\u00e1ce, speci\u00e1ln\u00ed pedagogiky a l\u00e9ka\u0159stv\u00ed a anga\u017eovat odborn\u00edky, kte\u0159\u00ed jsou s&nbsp;rodinami v&nbsp;kontaktu, aby informaci o t\u00e9to slu\u017eb\u011b rodin\u011b v\u010das p\u0159edali,\u201c<\/em> \u0159\u00edk\u00e1 Petra \u0160taffov\u00e1.<\/p>\n\n\n\n<p>V&nbsp;pracovnic\u00edch ran\u00e9 p\u00e9\u010de z\u00edskaj\u00ed rodiny d\u011bt\u00ed s&nbsp;hendikepem zku\u0161en\u00e9ho pr\u016fvodce, co\u017e jim m\u016f\u017ee v\u00fdrazn\u011b pomoci vyrovnat se s\u202ft\u011b\u017ekou situac\u00ed, p\u0159edej\u00edt p\u0159et\u00ed\u017een\u00ed i kriz\u00edm v\u202frodin\u011b, nebo dokonce um\u00edst\u011bn\u00ed d\u00edt\u011bte do \u00fastavn\u00ed p\u00e9\u010de.&nbsp;<em>\u201eTrochu jsem se vnit\u0159n\u011b ost\u00fdchala, ne\u017e jsem ranou p\u00e9\u010di kontaktovala. Jsem za to ale zp\u011btn\u011b neskute\u010dn\u011b r\u00e1da. Byla jsem tehdy vyjukan\u00e1 maminka t\u0159\u00ed d\u011bt\u00ed, se kterou si \u017eivot zahr\u00e1val, a j\u00e1 se v&nbsp;tom jednodu\u0161e pl\u00e1cala. Proto\u017ee jak dojde na nemoc d\u011bt\u00ed, maminky by se pro n\u011b rozkr\u00e1jely, v\u0161echnu bolest a nepohodl\u00ed by cht\u011bly vz\u00edt na sebe. Navenek se sice v\u011bt\u0161inou tv\u00e1\u0159\u00ed, \u017ee to daj\u00ed, u\u017e kv\u016fli t\u011bm mal\u00fdm tvore\u010dk\u016fm, ale uvnit\u0159 se klepou jako osiky a v\u016fbec si nejsou jist\u00e9, jak to v\u0161echno zvl\u00e1dnou. Poradkyn\u011b ran\u00e9 p\u00e9\u010de mi pomohly sv\u00fdm nadhledem, dok\u00e1zaly m\u011b povzbudit a pochv\u00e1lit. T\u00edm v\u0161\u00edm mi dod\u00e1valy odvahu, a ono to skute\u010dn\u011b \u0161lo. Pomalu, ale \u0161lo,\u201c<\/em> vzpom\u00edn\u00e1 Vendula Popelkov\u00e1, kter\u00e1 ranou p\u00e9\u010di vyu\u017eila.<\/p>\n\n\n\n<p><strong>Program na\u017eivo i online<\/strong><\/p>\n\n\n\n<p>T\u00fdden ran\u00e9 p\u00e9\u010de napln\u00ed \u0159ada nejr\u016fzn\u011bj\u0161\u00edch aktivit \u2013 budou se konat dny otev\u0159en\u00fdch dve\u0159\u00ed, workshopy s&nbsp;odborn\u00edky, akce pro rodiny, v\u00fdstavy, v&nbsp;online prostoru pob\u011b\u017e\u00ed p\u0159\u00edb\u011bhy rodin, kter\u00e9 maj\u00ed s&nbsp;ranou p\u00e9\u010d\u00ed osobn\u00ed zku\u0161enost. Podrobn\u00fd program kampan\u011b v&nbsp;\u010desk\u00fdch m\u011bstech je dostupn\u00fd na: <a href=\"https:\/\/tyden.ranapece.cz\/2025\/\">https:\/\/tyden.ranapece.cz\/2025\/<\/a>. Do kampan\u011b se vedle jednotliv\u00fdch pracovi\u0161\u0165 ran\u00e9 p\u00e9\u010de tradi\u010dn\u011b zapojuj\u00ed tak\u00e9 studenti, dobrovoln\u00edci, sponzo\u0159i, v\u00fdznamn\u00e9 osobnosti, v\u011bdci.<\/p>\n\n\n\n<p><\/p>\n\n\n\n<p>Hlavn\u00edm medi\u00e1ln\u00edm partnerem kampan\u011b je \u010cesk\u00fd rozhlas.<\/p>\n\n\n\n<figure class=\"wp-block-image\"><img decoding=\"async\" src=\"https:\/\/www.ranapece.cz\/ostrava\/wp-content\/uploads\/sites\/2\/sites\/13\/image.png\" alt=\"\" class=\"wp-image-7199\"\/><\/figure>\n\n\n\n<p>Z\u00e1\u0161titu nad kampan\u00ed p\u0159evzal Nada\u010dn\u00ed fond \u010cesk\u00e9ho rozhlasu, sb\u00edrka Sv\u011btlu\u0161ka, Nadace Leontinka, Ministerstvo pr\u00e1ce a soci\u00e1ln\u00edch v\u011bc\u00ed \u010cesk\u00e9 republiky a Asociace kraj\u016f \u010cesk\u00e9 republiky.<\/p>\n\n\n\n<figure class=\"wp-block-table\"><table><tbody><tr><td><img decoding=\"async\" src=\"http:\/\/www.ranapece.cz\/ostrava\/wp-content\/uploads\/sites\/2\/sites\/13\/stazeny-soubor-7.png\" alt=\"\"><\/td><td><img decoding=\"async\" src=\"http:\/\/www.ranapece.cz\/ostrava\/wp-content\/uploads\/sites\/2\/sites\/13\/image-2.png\" alt=\"\"><\/td><td><img decoding=\"async\" src=\"http:\/\/www.ranapece.cz\/ostrava\/wp-content\/uploads\/sites\/2\/sites\/13\/image-4.png\" alt=\"\"><\/td><td><img decoding=\"async\" src=\"http:\/\/www.ranapece.cz\/ostrava\/wp-content\/uploads\/sites\/2\/sites\/13\/stazeny-soubor-8.png\" alt=\"\"><\/td><\/tr><\/tbody><\/table><\/figure>\n","protected":false},"excerpt":{"rendered":"<p>Osv\u011btov\u00e1 kampa\u0148 T\u00fdden ran\u00e9 p\u00e9\u010de, jej\u00edm\u017e organiz\u00e1torem je Spole\u010dnost pro ranou p\u00e9\u010di, m\u00e1 u\u017e patn\u00e1ctiletou tradici. Letos bude prob\u00edhat od 7. do 13. listopadu a zapoj\u00ed se do n\u00ed p\u0159es t\u0159icet poskytovatel\u016f slu\u017eby ran\u00e9 p\u00e9\u010de z&nbsp;cel\u00e9 \u010cesk\u00e9 republiky. B\u011bhem cel\u00e9ho t\u00fddne budou prost\u0159ednictv\u00edm m\u00e9di\u00ed, na akc\u00edch pro laiky i odborn\u00edky i v&nbsp;online prostoru informovat o [&hellip;]<\/p>\n","protected":false},"author":4,"featured_media":0,"comment_status":"closed","ping_status":"closed","sticky":false,"template":"","format":"standard","meta":{"footnotes":""},"categories":[1,4],"tags":[],"class_list":["post-2550","post","type-post","status-publish","format-standard","hentry","category-nezarazene","category-pro-media"],"acf":[],"_links":{"self":[{"href":"https:\/\/tyden.ranapece.cz\/2025\/wp-json\/wp\/v2\/posts\/2550","targetHints":{"allow":["GET"]}}],"collection":[{"href":"https:\/\/tyden.ranapece.cz\/2025\/wp-json\/wp\/v2\/posts"}],"about":[{"href":"https:\/\/tyden.ranapece.cz\/2025\/wp-json\/wp\/v2\/types\/post"}],"author":[{"embeddable":true,"href":"https:\/\/tyden.ranapece.cz\/2025\/wp-json\/wp\/v2\/users\/4"}],"replies":[{"embeddable":true,"href":"https:\/\/tyden.ranapece.cz\/2025\/wp-json\/wp\/v2\/comments?post=2550"}],"version-history":[{"count":1,"href":"https:\/\/tyden.ranapece.cz\/2025\/wp-json\/wp\/v2\/posts\/2550\/revisions"}],"predecessor-version":[{"id":2551,"href":"https:\/\/tyden.ranapece.cz\/2025\/wp-json\/wp\/v2\/posts\/2550\/revisions\/2551"}],"wp:attachment":[{"href":"https:\/\/tyden.ranapece.cz\/2025\/wp-json\/wp\/v2\/media?parent=2550"}],"wp:term":[{"taxonomy":"category","embeddable":true,"href":"https:\/\/tyden.ranapece.cz\/2025\/wp-json\/wp\/v2\/categories?post=2550"},{"taxonomy":"post_tag","embeddable":true,"href":"https:\/\/tyden.ranapece.cz\/2025\/wp-json\/wp\/v2\/tags?post=2550"}],"curies":[{"name":"wp","href":"https:\/\/api.w.org\/{rel}","templated":true}]}}