{"id":198,"date":"2017-10-19T20:30:28","date_gmt":"2017-10-19T18:30:28","guid":{"rendered":"https:\/\/tyden.ranapece.cz\/2025\/?p=198"},"modified":"2017-10-19T20:30:28","modified_gmt":"2017-10-19T18:30:28","slug":"prinos-strediska-rane-pece-pro-postizene-deti-a-jejich-rodice","status":"publish","type":"post","link":"https:\/\/tyden.ranapece.cz\/2025\/pribehy-rodicu\/prinos-strediska-rane-pece-pro-postizene-deti-a-jejich-rodice\/","title":{"rendered":"P\u0159\u00ednos st\u0159ediska ran\u00e9 p\u00e9\u010de pro posti\u017een\u00e9 d\u011bti a jejich rodi\u010de"},"content":{"rendered":"<p style=\"text-align: justify;\">V listopadu 2006 n\u00e1m \u0159ekla o\u010dn\u00ed l\u00e9ka\u0159ka,\u017ee je n\u00e1\u0161 syn Tom\u00e1\u0161 slep\u00fd, jeliko\u017e prod\u011blal srde\u010dn\u00ed z\u00e1stavu a otok mozku. Nev\u011b\u0159ila jsem tomu, proto\u017ee se na m\u011b, ob\u010das na vte\u0159inu, pod\u00edval. Na rehabilitaci mi terapeutka dala kontakt na st\u0159edisko ran\u00e9 p\u00e9\u010de, kter\u00e9 jsem kontaktovala a domluvila se na term\u00ednu vy\u0161et\u0159en\u00ed formou hry.U\u017e jen informace, \u017ee je vy\u0161et\u0159en\u00ed formou hry m\u011b pot\u011b\u0161ilo. J\u00edt na vy\u0161et\u0159en\u00ed v podob\u011b um\u011bl\u00e9ho sp\u00e1nku bylo pro mne no\u010dn\u00ed m\u016frou.<\/p>\n<p style=\"text-align: justify;\">P\u0159\u00edstup zam\u011bstnanc\u016f st\u0159ediska k n\u00e1m byl p\u0159\u00edjemn\u00fd. Syna, kter\u00fd reagoval na v\u0161echny v okol\u00ed pl\u00e1\u010dem, si tety ze st\u0159ediska velmi rychle svoj\u00ed profesionalitou z\u00edskaly.<\/p>\n<p style=\"text-align: justify;\">St\u0159edisko n\u00e1m nab\u00eddlo,\u017ee 1x m\u011bs\u00ed\u010dn\u011b za synem p\u0159ijedou, p\u0159ivezou nov\u00e9 hra\u010dky a r\u016fzn\u00e9 pom\u016fcky na stimulaci zraku a jemnou motoriku, a budou se synovi asi hodinu i v\u00edce v\u011bnovat v dom\u00e1c\u00edm prost\u0159ed\u00ed. Toto jist\u011b ka\u017ed\u00e1 maminka posti\u017een\u00e9ho d\u00edt\u011bte ocen\u00ed, proto\u017ee nemus\u00ed doj\u00ed\u017ed\u011bt s d\u00edt\u011btem do nezn\u00e1m\u00e9ho prost\u0159ed\u00ed.<\/p>\n<p style=\"text-align: justify;\">Tom\u00e1\u0161kovi byly necel\u00e9 4 roky a m\u011bl kombinovan\u00e9 posti\u017een\u00ed, tak\u017ee n\u00e1m st\u0159edisko mohlo nab\u00eddnout p\u00e9\u010di do synov\u00fdch 7 let.<\/p>\n<p style=\"text-align: justify;\">Kdy\u017e k n\u00e1m p\u0159ijela teta ze st\u0159ediska poprv\u00e9 ,byla jsem p\u0159ekvapen\u00e1,jak na ni syn \u00fa\u017easn\u011b reagoval. Nab\u00eddla n\u00e1m p\u016fj\u010den\u00ed hra\u010dek do dal\u0161\u00ed konzultace a pokud jsem pot\u0159ebovala poradit, kam syna um\u00edstit do \u0161kolky, tak co nejd\u0159\u00edve poslala kontakty. N\u00e1sledovaly dal\u0161\u00ed rady nap\u0159. kde zakoupit speci\u00e1ln\u00ed hra\u010dky,jak si vyrobit r\u016fzn\u00e9 pom\u016fcky. Zkr\u00e1tka je jich ochota byla \u00fa\u017easn\u00e1.<\/p>\n<p style=\"text-align: justify;\">V roce 2007 jsme absolvovali kurz se st\u0159ediskem pro rodiny a d\u011bti,na kter\u00fd dodnes r\u00e1da vzpom\u00edn\u00e1m. Zde jsme se nau\u010dili, jak k d\u00edt\u011bti p\u0159istupovat, pokud m\u00e1 probl\u00e9m se zrakem. Jak se orientuj\u00ed d\u011bti v prostoru a jak jim vylep\u0161it prostor doma, aby jejich pohyb po byt\u011b byl jednodu\u0161\u0161\u00ed. Na kurz jsme se dostali i d\u00edky sponzorsk\u00e9mu daru z nadace&nbsp;<strong>Sv\u011btlu\u0161ka<\/strong>, kter\u00e9 zorganizovalo st\u0159edisko ran\u00e9 p\u00e9\u010de pro ka\u017edou rodinu.<\/p>\n<p style=\"text-align: justify;\">P\u0159\u00ednos t\u00e9to p\u00e9\u010de byl pro syna obrovsk\u00fd. Asi po \u010dtvrt roce, kdy n\u00e1s teta nav\u0161t\u011bvovala a po procvi\u010dov\u00e1n\u00ed doporu\u010den\u00fdch rad, si za\u010dal hr\u00e1t s hra\u010dkami v r\u00e1mci sv\u00fdch mo\u017enost\u00ed. Pro Tom\u00e1\u0161ka to byl velk\u00fd posun, proto\u017ee do t\u00e9 doby jen sed\u011bl a koukal do pr\u00e1zdna.<\/p>\n<p style=\"text-align: justify;\">Jedin\u00e9 co bych ocenila, kdyby teta jezdila \u010dast\u011bji. D\u00edt\u011b l\u00e9pe spolupracuje s n\u011bk\u00fdm, koho vid\u00ed v\u00edce. Tak\u00e9 by mi nevadilo, kdybychom mohli spolupracovat se st\u0159ediskem t\u0159eba do synov\u00fdch 10 let. Informace o nov\u00fdch zp\u016fsobech pr\u00e1ce se zrakov\u011b posti\u017een\u00fdmi, nen\u00ed lehk\u00e9 z\u00edskat a st\u0159edisko jde ve sv\u00e9m v\u00fdvoji po\u0159\u00e1d dop\u0159edu. Za v\u0161e co pro tyto d\u011bti d\u011blaj\u00ed jim pat\u0159\u00ed velk\u00fd d\u00edk.<\/p>\n<p style=\"text-align: justify;\">S pozdravem maminka Tom\u00e1\u0161ka<\/p>\n","protected":false},"excerpt":{"rendered":"<p>V listopadu 2006 n\u00e1m \u0159ekla o\u010dn\u00ed l\u00e9ka\u0159ka,\u017ee je n\u00e1\u0161 syn Tom\u00e1\u0161 slep\u00fd, jeliko\u017e prod\u011blal srde\u010dn\u00ed z\u00e1stavu a otok mozku. Nev\u011b\u0159ila jsem tomu, proto\u017ee se na m\u011b, ob\u010das na vte\u0159inu, pod\u00edval. Na rehabilitaci mi terapeutka dala kontakt na st\u0159edisko ran\u00e9 p\u00e9\u010de, kter\u00e9 jsem kontaktovala a domluvila se na term\u00ednu vy\u0161et\u0159en\u00ed formou hry.U\u017e jen informace, \u017ee je [&hellip;]<\/p>\n","protected":false},"author":3,"featured_media":0,"comment_status":"closed","ping_status":"closed","sticky":false,"template":"","format":"standard","meta":{"footnotes":""},"categories":[6],"tags":[],"class_list":["post-198","post","type-post","status-publish","format-standard","hentry","category-pribehy-rodicu"],"acf":[],"_links":{"self":[{"href":"https:\/\/tyden.ranapece.cz\/2025\/wp-json\/wp\/v2\/posts\/198","targetHints":{"allow":["GET"]}}],"collection":[{"href":"https:\/\/tyden.ranapece.cz\/2025\/wp-json\/wp\/v2\/posts"}],"about":[{"href":"https:\/\/tyden.ranapece.cz\/2025\/wp-json\/wp\/v2\/types\/post"}],"author":[{"embeddable":true,"href":"https:\/\/tyden.ranapece.cz\/2025\/wp-json\/wp\/v2\/users\/3"}],"replies":[{"embeddable":true,"href":"https:\/\/tyden.ranapece.cz\/2025\/wp-json\/wp\/v2\/comments?post=198"}],"version-history":[{"count":1,"href":"https:\/\/tyden.ranapece.cz\/2025\/wp-json\/wp\/v2\/posts\/198\/revisions"}],"predecessor-version":[{"id":199,"href":"https:\/\/tyden.ranapece.cz\/2025\/wp-json\/wp\/v2\/posts\/198\/revisions\/199"}],"wp:attachment":[{"href":"https:\/\/tyden.ranapece.cz\/2025\/wp-json\/wp\/v2\/media?parent=198"}],"wp:term":[{"taxonomy":"category","embeddable":true,"href":"https:\/\/tyden.ranapece.cz\/2025\/wp-json\/wp\/v2\/categories?post=198"},{"taxonomy":"post_tag","embeddable":true,"href":"https:\/\/tyden.ranapece.cz\/2025\/wp-json\/wp\/v2\/tags?post=198"}],"curies":[{"name":"wp","href":"https:\/\/api.w.org\/{rel}","templated":true}]}}