{"id":196,"date":"2017-10-19T20:29:38","date_gmt":"2017-10-19T18:29:38","guid":{"rendered":"https:\/\/tyden.ranapece.cz\/2025\/?p=196"},"modified":"2017-10-19T20:29:38","modified_gmt":"2017-10-19T18:29:38","slug":"dopis-maminky-maji","status":"publish","type":"post","link":"https:\/\/tyden.ranapece.cz\/2025\/pribehy-rodicu\/dopis-maminky-maji\/","title":{"rendered":"Dopis maminky M\u00e1ji"},"content":{"rendered":"<p style=\"text-align: justify;\">Pr\u00e1v\u011b jsme se vr\u00e1tili z pobytu, kter\u00fd uspo\u0159\u00e1dala Federace rodi\u010d\u016f a p\u0159\u00e1tel sluchov\u011b posti\u017een\u00fdch pro klienty St\u0159ediska ran\u00e9 p\u00e9\u010de Tamtam pro rodiny d\u011bt\u00ed se sluchov\u00fdm posti\u017een\u00edm. V Srbsku u Berouna druh\u00fd kv\u011btnov\u00fd t\u00fdden str\u00e1vila na\u0161e rodina netradi\u010dn\u00ed dovolenou, kterou n\u00e1m za\u0159\u00eddila na\u0161e druhorozen\u00e1 dcera M\u00e1ja. Je j\u00ed dva a p\u016fl roku, je t\u011b\u017ece nedosl\u00fdchav\u00e1. Klienty ran\u00e9 p\u00e9\u010de jsme se stali p\u0159esn\u011b p\u0159ed rokem.<\/p>\n<p style=\"text-align: justify;\">&nbsp;<\/p>\n<p style=\"text-align: justify;\">Na pobytu byla krom\u011b m\u00e9ho man\u017eela tak\u00e9 na\u0161e sly\u0161\u00edc\u00ed 8-let\u00e1 dcera Ani\u010dka a moje maminka. Pro mne to byla skute\u010dn\u00e1 dovolen\u00e1. Program byl pe\u010dliv\u011b napl\u00e1novan\u00fd s citliv\u00fdm ohledem na na\u0161e nesly\u0161\u00edc\u00ed drobe\u010dky. Dopoledne jsme si spole\u010dn\u011b s M\u00e1jou u\u017e\u00edvali individu\u00e1ln\u00ed terapie. U\u010dili jsme se jak spolu komunikovat. Jak si hr\u00e1t, aby to bylo co nejv\u00edce z\u00e1bavn\u00e9, a p\u0159itom vyu\u017e\u00edt logopedii. P\u0159esto, \u017ee jsem m\u011bla pocit, \u017ee jsem za ten rok nasb\u00edrala v\u00edce ne\u017e dost informac\u00ed, byl i pro n\u00e1s program p\u0159edn\u00e1\u0161ek zaj\u00edmav\u00fd. Moc p\u0159\u00edjemn\u00fd byl spole\u010dn\u00fd v\u00fdlet do Svat\u00e9ho Jana pod Skalou. D\u011bti byly nad\u0161en\u00e9 ze zv\u00ed\u0159\u00e1tek. Mohly si je pohladit a sv\u00e9st se na koni.<\/p>\n<p style=\"text-align: justify;\">&nbsp;<\/p>\n<p style=\"text-align: justify;\">Sezn\u00e1mili jsme se s rodinami \u0159e\u0161\u00edc\u00ed podobn\u00e9 probl\u00e9my. Odj\u00ed\u017ed\u011bla jsem s pocitem dob\u0159e str\u00e1ven\u00e9ho \u010dasu a ohromnou chut\u00ed do dal\u0161\u00ed pr\u00e1ce s na\u0161\u00ed M\u00e1jou. Mysl\u00edm si, \u017ee obdobn\u00e9 pro n\u00e1s velmi motivuj\u00edc\u00ed soust\u0159ed\u011bn\u00ed by bylo dobr\u00e9 absolvovat pravideln\u011b \u2013 alespo\u0148 jednou za rok.<\/p>\n","protected":false},"excerpt":{"rendered":"<p>Pr\u00e1v\u011b jsme se vr\u00e1tili z pobytu, kter\u00fd uspo\u0159\u00e1dala Federace rodi\u010d\u016f a p\u0159\u00e1tel sluchov\u011b posti\u017een\u00fdch pro klienty St\u0159ediska ran\u00e9 p\u00e9\u010de Tamtam pro rodiny d\u011bt\u00ed se sluchov\u00fdm posti\u017een\u00edm. V Srbsku u Berouna druh\u00fd kv\u011btnov\u00fd t\u00fdden str\u00e1vila na\u0161e rodina netradi\u010dn\u00ed dovolenou, kterou n\u00e1m za\u0159\u00eddila na\u0161e druhorozen\u00e1 dcera M\u00e1ja. Je j\u00ed dva a p\u016fl roku, je t\u011b\u017ece nedosl\u00fdchav\u00e1. Klienty [&hellip;]<\/p>\n","protected":false},"author":3,"featured_media":0,"comment_status":"closed","ping_status":"closed","sticky":false,"template":"","format":"standard","meta":{"footnotes":""},"categories":[6],"tags":[],"class_list":["post-196","post","type-post","status-publish","format-standard","hentry","category-pribehy-rodicu"],"acf":[],"_links":{"self":[{"href":"https:\/\/tyden.ranapece.cz\/2025\/wp-json\/wp\/v2\/posts\/196","targetHints":{"allow":["GET"]}}],"collection":[{"href":"https:\/\/tyden.ranapece.cz\/2025\/wp-json\/wp\/v2\/posts"}],"about":[{"href":"https:\/\/tyden.ranapece.cz\/2025\/wp-json\/wp\/v2\/types\/post"}],"author":[{"embeddable":true,"href":"https:\/\/tyden.ranapece.cz\/2025\/wp-json\/wp\/v2\/users\/3"}],"replies":[{"embeddable":true,"href":"https:\/\/tyden.ranapece.cz\/2025\/wp-json\/wp\/v2\/comments?post=196"}],"version-history":[{"count":1,"href":"https:\/\/tyden.ranapece.cz\/2025\/wp-json\/wp\/v2\/posts\/196\/revisions"}],"predecessor-version":[{"id":197,"href":"https:\/\/tyden.ranapece.cz\/2025\/wp-json\/wp\/v2\/posts\/196\/revisions\/197"}],"wp:attachment":[{"href":"https:\/\/tyden.ranapece.cz\/2025\/wp-json\/wp\/v2\/media?parent=196"}],"wp:term":[{"taxonomy":"category","embeddable":true,"href":"https:\/\/tyden.ranapece.cz\/2025\/wp-json\/wp\/v2\/categories?post=196"},{"taxonomy":"post_tag","embeddable":true,"href":"https:\/\/tyden.ranapece.cz\/2025\/wp-json\/wp\/v2\/tags?post=196"}],"curies":[{"name":"wp","href":"https:\/\/api.w.org\/{rel}","templated":true}]}}