{"id":190,"date":"2017-10-19T20:28:09","date_gmt":"2017-10-19T18:28:09","guid":{"rendered":"https:\/\/tyden.ranapece.cz\/2025\/?p=190"},"modified":"2017-10-19T20:28:09","modified_gmt":"2017-10-19T18:28:09","slug":"svratka-ocima-novacka","status":"publish","type":"post","link":"https:\/\/tyden.ranapece.cz\/2025\/pribehy-rodicu\/svratka-ocima-novacka\/","title":{"rendered":"Svratka o\u010dima nov\u00e1\u010dka"},"content":{"rendered":"<p style=\"text-align: justify;\">O t\u00fddnech pro rodiny s d\u011btmi po\u0159\u00e1dan\u00fdch SRP jsem v\u011bd\u011bla od na\u0161\u00ed poradkyn\u011b Vendulky u\u017e d\u00e1vno, ale abych pravdu \u0159ekla, nem\u011bla jsem v \u00famyslu n\u011bkdy n\u011bkam jezdit. Vlastn\u011b ani nev\u00edm, pro\u010d jsem se rozhodla jet, snad vyzkou\u0161et n\u011bco nov\u00e9ho\u2026 a nelitovala jsem.<\/p>\n<p style=\"text-align: justify;\">&nbsp;<\/p>\n<p style=\"text-align: justify;\">M\u016fj man\u017eel je introvert, a jak s\u00e1m \u0159\u00edk\u00e1, v\u00edc ne\u017e 10 lid\u00ed pohromad\u011b ho d\u011bs\u00ed. Nenutila jsem ho tedy a vydala se s dvouletou Ane\u017ekou (v p\u00e9\u010di SRP, narozena 24+1tt. \u2013 vada zraku a opo\u017ed\u011bn\u00fd psychomotorick\u00fd v\u00fdvoj) a s jej\u00ed osmiletou sest\u0159i\u010dkou Eli\u0161kou sama. \u0160ly jsme do nezn\u00e1ma a nev\u011bd\u011bly, co \u010dekat.<\/p>\n<p style=\"text-align: justify;\">&nbsp;<\/p>\n<p style=\"text-align: justify;\">P\u0159ekvapil m\u011b hned prvn\u00ed ve\u010der, kdy p\u0159i spole\u010dn\u00e9m seznamov\u00e1n\u00ed rodi\u010de, kte\u0159\u00ed se u\u017e z\u00fa\u010dastnili takov\u00e9hoto t\u00fddne, ne\u0161et\u0159ili chv\u00e1lou a s nad\u0161en\u00edm o\u010dek\u00e1vali tento. Postupn\u011b se mi otev\u00edraly o\u010di a j\u00e1 za\u010dala ch\u00e1pat, co m\u011bli na mysli.<\/p>\n<p style=\"text-align: justify;\">&nbsp;<\/p>\n<p style=\"text-align: justify;\">Program byl dokonale zorganizov\u00e1n a nem\u011bl jedinou chybu. Eli\u0161ku, kter\u00e1 byla v sourozeneck\u00e9 skupin\u011b, jsem potk\u00e1vala jen p\u0159i j\u00eddle a span\u00ed, jinak toti\u017e \u201enem\u011bla \u010das\u201c,proto\u017ee po\u0159\u00e1d n\u011bco podnikala s kamar\u00e1dy a vychovatelkami Denisou a Hankou. S Ane\u017ekou jsme ve skupince za\u017eily spoustu nov\u00fdch v\u011bc\u00ed, kter\u00e9 jsou n\u00e1m motivac\u00ed dote\u010f. Nav\u00edc si Ane\u017eka okusila velkou m\u011brou pobyt v kolektivu, kter\u00fd j\u00ed do t\u00e9 doby d\u011blal velk\u00fd probl\u00e9m. Stra\u0161n\u011b moc j\u00ed to prosp\u011blo a posunulo v tomto sm\u011bru o kus d\u00e1l.<\/p>\n<p style=\"text-align: justify;\">&nbsp;<\/p>\n<p style=\"text-align: justify;\">Velk\u00fdm p\u0159\u00ednosem pro n\u00e1s byl i rozhovor s psycholo\u017ekou Mgr. Pastuchovou, ve\u010dern\u00ed programy pro rodi\u010de nebo jen pov\u00edd\u00e1n\u00ed si s ostatn\u00edmi a vym\u011b\u0148ov\u00e1n\u00ed osobn\u00edch zku\u0161enost\u00ed.<\/p>\n<p style=\"text-align: justify;\">&nbsp;<\/p>\n<p style=\"text-align: justify;\">Kdy\u017e jsem se p\u0159i spole\u010dn\u011b tr\u00e1ven\u00fdch chv\u00edl\u00edch rozhl\u00e9dla kolem sebe, vid\u011bla jsem spoustu d\u011bt\u00ed, kter\u00e9 vybo\u010duj\u00ed z jak\u00e9hosi v\u0161eobecn\u011b za\u017eit\u00e9ho norm\u00e1lu\u2026a vid\u011bla jsem tak\u00e9 rodi\u010de, kte\u0159\u00ed s bezmeznou l\u00e1skou na tyto d\u011bti hled\u00ed a miluj\u00ed je p\u0159esn\u011b takov\u00e9, jak\u00e9 jsou. Tuhle \u010distou l\u00e1sku dok\u00e1\u017eou projevit jen d\u011bti a pak lid\u00e9, kte\u0159\u00ed v \u017eivot\u011b n\u011bco za\u017eili a v\u00ed, co je d\u016fle\u017eit\u00e9.<\/p>\n<p style=\"text-align: justify;\">&nbsp;<\/p>\n<p style=\"text-align: justify;\">U\u017e ch\u00e1pu, o \u010dem mluvili ten prvn\u00ed ve\u010der v\u0161ichni ti nad\u0161en\u00ed rodi\u010de. Te\u010f k nim pat\u0159\u00edm i j\u00e1.<\/p>\n<p style=\"text-align: justify;\">&nbsp;<\/p>\n<p style=\"text-align: justify;\">D\u00edky pat\u0159\u00ed tak\u00e9 v\u0161em poradc\u016fm SRP, za jejich chu\u0165 se n\u00e1m v\u011bnovat a pom\u00e1hat.<\/p>\n<p style=\"text-align: justify;\">&nbsp;<\/p>\n<p style=\"text-align: justify;\">Na p\u0159\u00ed\u0161t\u00ed ro\u010dn\u00edk se t\u011b\u0161\u00ed a ostatn\u00edm doporu\u010duj\u00ed Helena, Ane\u017eka a Eli\u0161ka Baratkovy \u263a<\/p>\n<p style=\"text-align: justify;\">&nbsp;<\/p>\n<p style=\"text-align: justify;\">Klienti SRP Olomouc<\/p>\n","protected":false},"excerpt":{"rendered":"<p>O t\u00fddnech pro rodiny s d\u011btmi po\u0159\u00e1dan\u00fdch SRP jsem v\u011bd\u011bla od na\u0161\u00ed poradkyn\u011b Vendulky u\u017e d\u00e1vno, ale abych pravdu \u0159ekla, nem\u011bla jsem v \u00famyslu n\u011bkdy n\u011bkam jezdit. Vlastn\u011b ani nev\u00edm, pro\u010d jsem se rozhodla jet, snad vyzkou\u0161et n\u011bco nov\u00e9ho\u2026 a nelitovala jsem. &nbsp; M\u016fj man\u017eel je introvert, a jak s\u00e1m \u0159\u00edk\u00e1, v\u00edc ne\u017e 10 lid\u00ed [&hellip;]<\/p>\n","protected":false},"author":3,"featured_media":0,"comment_status":"closed","ping_status":"closed","sticky":false,"template":"","format":"standard","meta":{"footnotes":""},"categories":[6],"tags":[],"class_list":["post-190","post","type-post","status-publish","format-standard","hentry","category-pribehy-rodicu"],"acf":[],"_links":{"self":[{"href":"https:\/\/tyden.ranapece.cz\/2025\/wp-json\/wp\/v2\/posts\/190","targetHints":{"allow":["GET"]}}],"collection":[{"href":"https:\/\/tyden.ranapece.cz\/2025\/wp-json\/wp\/v2\/posts"}],"about":[{"href":"https:\/\/tyden.ranapece.cz\/2025\/wp-json\/wp\/v2\/types\/post"}],"author":[{"embeddable":true,"href":"https:\/\/tyden.ranapece.cz\/2025\/wp-json\/wp\/v2\/users\/3"}],"replies":[{"embeddable":true,"href":"https:\/\/tyden.ranapece.cz\/2025\/wp-json\/wp\/v2\/comments?post=190"}],"version-history":[{"count":1,"href":"https:\/\/tyden.ranapece.cz\/2025\/wp-json\/wp\/v2\/posts\/190\/revisions"}],"predecessor-version":[{"id":191,"href":"https:\/\/tyden.ranapece.cz\/2025\/wp-json\/wp\/v2\/posts\/190\/revisions\/191"}],"wp:attachment":[{"href":"https:\/\/tyden.ranapece.cz\/2025\/wp-json\/wp\/v2\/media?parent=190"}],"wp:term":[{"taxonomy":"category","embeddable":true,"href":"https:\/\/tyden.ranapece.cz\/2025\/wp-json\/wp\/v2\/categories?post=190"},{"taxonomy":"post_tag","embeddable":true,"href":"https:\/\/tyden.ranapece.cz\/2025\/wp-json\/wp\/v2\/tags?post=190"}],"curies":[{"name":"wp","href":"https:\/\/api.w.org\/{rel}","templated":true}]}}