{"id":188,"date":"2017-10-19T20:27:23","date_gmt":"2017-10-19T18:27:23","guid":{"rendered":"https:\/\/tyden.ranapece.cz\/2025\/?p=188"},"modified":"2017-10-19T20:27:23","modified_gmt":"2017-10-19T18:27:23","slug":"pribeh-rodiny-romanka-jahelky","status":"publish","type":"post","link":"https:\/\/tyden.ranapece.cz\/2025\/pribehy-rodicu\/pribeh-rodiny-romanka-jahelky\/","title":{"rendered":"P\u0159\u00edb\u011bh rodiny Rom\u00e1nka Jahelky"},"content":{"rendered":"<p style=\"text-align: justify;\">Po \u0161esti letech kon\u010d\u00ed na\u0161e spolupr\u00e1ce se St\u0159ediskem ran\u00e9 p\u00e9\u010de. Jsme r\u00e1di, \u017ee jsme mohli jejich slu\u017eeb vyu\u017e\u00edvat tak dlouho a kdyby to bylo mo\u017en\u00e9, vyu\u017e\u00edvali bychom tyto slu\u017eby r\u00e1di i d\u00e9le.<\/p>\n<p style=\"text-align: justify;\">&nbsp;<\/p>\n<p style=\"text-align: justify;\">N\u00e1\u0161 syn se jmenuje Rom\u00e1nek. Dnes je mu sedm let, ale kdy\u017e si vzpomenu na jeho narozen\u00ed a za\u010d\u00e1tky toho v\u0161eho, co n\u00e1s pak potkalo, je to, jako by to bylo v\u010dera. V\u0161ichni rodi\u010de posti\u017een\u00fdch d\u011bt\u00ed to jist\u011b sami dob\u0159e znaj\u00ed. Jak\u00fd byl tedy n\u00e1\u0161 p\u0159\u00edb\u011bh.<\/p>\n<p style=\"text-align: justify;\">&nbsp;<\/p>\n<p style=\"text-align: justify;\">M\u00e9 prvn\u00ed a zat\u00edm posledn\u00ed t\u011bhotenstv\u00ed prob\u00edhalo bez probl\u00e9mu. V sedm\u00e9m m\u011bs\u00edci p\u0159i b\u011b\u017en\u00e9 kontrole pan\u00ed doktorka konstatovala, \u017ee miminku nejdou pupe\u010dn\u00ed \u0161\u0148\u016frou \u017eiviny. Odeslala mne do nemocnice. Tam l\u00e9ka\u0159i rozhodli o okam\u017eit\u00e9m c\u00edsa\u0159sk\u00e9m \u0159ezu a je\u0161t\u011b ten den byl Rom\u00e1nek na sv\u011bt\u011b. V tu chv\u00edli jsme netu\u0161ili, co n\u00e1s \u010dek\u00e1. V\u0161e bylo nov\u00e9, rychl\u00e9 a zvl\u00e1\u0161tn\u00ed.<\/p>\n<p style=\"text-align: justify;\">&nbsp;<\/p>\n<p style=\"text-align: justify;\">N\u00e1sledoval dvoum\u011bs\u00ed\u010dn\u00ed pobyt na neonatologii, b\u011bhem n\u011bj\u017e si Rom\u00e1nek pro\u017eil sv\u00e9. Asi p\u011bt dn\u00ed po narozen\u00ed m\u011bl velk\u00e9 probl\u00e9my. Bylo mi \u0159e\u010deno, \u017ee p\u0159\u00ed\u0161t\u00edch 48 hod. bude kritick\u00fdch a \u017ee p\u0159e\u017eit\u00ed je nejist\u00e9. B\u011bhem t\u00e9 doby jsem k n\u011bmu nesm\u011bla, nev\u011bd\u011bla, co se d\u011bje a byly to nepopsateln\u00e9, tr\u00fdzniv\u00e9 a nekone\u010dn\u00e9 hodiny m\u00e9ho \u017eivota. Rom\u00e1nek je ale velk\u00fd bojovn\u00edk a od za\u010d\u00e1tku bojoval o to, b\u00fdt tu s n\u00e1mi. Tekutina, kter\u00e1 se mu z nezn\u00e1m\u00fdch d\u016fvod\u016f vytv\u00e1\u0159ela kolem srdce, ledvin a plic se nakonec l\u00e9ka\u0159\u016fm povedla ods\u00e1t a Rom\u00e1nek p\u0159e\u017eil. Pak se v\u0161e zlep\u0161ilo. B\u011bhem pobytu absolvoval dvakr\u00e1t transf\u00fazi. P\u0159ed odchodem dom\u016f je\u0161t\u011b podstoupil operaci oboustrann\u00e9 t\u0159\u00edseln\u00e9 k\u00fdly, kterou si vybre\u010del d\u00edky sestr\u00e1m, kter\u00e9 se nestarali, jak m\u011bly. Na JIP byly sestry \u00fa\u017easn\u00e9 a pe\u010dliv\u011b se o ty drobe\u010dky staraly. Pak ale, kdy\u017e d\u011bti u\u017e nepot\u0159ebuj\u00ed intenzivn\u00ed p\u00e9\u010di a nemohou je\u0161t\u011b ani k mamink\u00e1m na pokoj, p\u0159ev\u00e1\u017eej\u00ed je na tento pokoj. Tam byly sestry jin\u00e9. Jednou jsem p\u0159i\u0161la r\u00e1no za Rom\u00e1nkem a on m\u011bl ru\u010di\u010dky zabalen\u00e9 v pl\u00ednce. Pr\u00fd zlobil a vytahoval si m\u00e1ch\u00e1n\u00edm ru\u010di\u010dek hadi\u010dky. Pak se nediv\u00edm, \u017ee bre\u010d\u00ed a m\u00e1 k\u00fdlu. Na p\u00e9\u010di t\u011bchto sester opravdu nevzpom\u00edn\u00e1m v dobr\u00e9m i z dal\u0161\u00edch d\u016fvod\u016f. Pak ale kone\u010dn\u011b mohl b\u00fdt na pokoji se mnou a bylo l\u00e9pe. Dom\u016f jsme odch\u00e1zeli s t\u00edm, \u017ee syn bude o dva m\u011bs\u00edce opo\u017ed\u011bn\u00fd, ale o posti\u017een\u00ed nebyla \u0159e\u010d. V nemocnici n\u00e1m v\u0161em \u0159\u00edkali, \u017ee nedono\u0161en\u00e9 d\u011bti mohou b\u00fdt v\u00fdvojov\u011b opo\u017ed\u011bn\u011bj\u0161\u00ed, oproti zdrav\u00fdm d\u011btem. Mohou m\u00edt i probl\u00e9m s hyperaktivitou, zrakem apod. \u0158\u00edkali n\u00e1m, \u017ee asi 4% nedono\u0161en\u00fdch d\u011bt\u00ed mohou b\u00fdt posti\u017een\u00e9. Nejv\u00edc jsou pr\u00fd ohro\u017een\u00e9 d\u011bti, u kter\u00fdch do\u0161lo ke krv\u00e1cen\u00ed do mozku. Ale to nebyl n\u00e1\u0161 p\u0159\u00edpad. Obavy z dal\u0161\u00edho v\u00fdvoje jsme m\u011bli, ale nic takov\u00e9ho n\u00e1s nenapadlo.<\/p>\n<p style=\"text-align: justify;\">&nbsp;<\/p>\n<p style=\"text-align: justify;\">Co se t\u00fdk\u00e1 diagn\u00f3zy, tak po celou dobu na odd\u011blen\u00ed ultrazvukov\u00e1 vy\u0161et\u0159en\u00ed hlavi\u010dky ukazovala ztr\u00e1tu b\u00edl\u00e9 mozkov\u00e9 hmoty. V \u0161ed\u00e9 mozkov\u00e9 hmot\u011b jsou pr\u00fd ulo\u017eena nervov\u00e1 centra a v b\u00edl\u00e9 mozkov\u00e9 hmot\u011b jsou ulo\u017een\u00e9 dr\u00e1hy, kter\u00e9 vedou impulzy. Pan doktor \u0159\u00edkal, \u017ee se Rom\u00e1nkovi ztr\u00e1c\u00ed b\u00edl\u00e1 hmota. P\u0159irovnal to k \u010dern\u00e9 d\u00ed\u0159e ve vesm\u00edru. Pr\u00e1zdn\u00e9 m\u00edsto po ubyl\u00e9 b\u00edl\u00e9 hmot\u011b pr\u00fd zapln\u00ed mozkom\u00ed\u0161n\u00ed mok. P\u0159i propou\u0161t\u011bn\u00ed na\u0161e diagn\u00f3zy byly IRDS-syndrom respira\u010dn\u00ed t\u00edsn\u011b novorozence (po porodu byl na um\u011bl\u00e9 plicn\u00ed ventilaci) a Cystick\u00e1 periventrikul\u00e1rn\u00ed leukomal\u00e1cie (po\u0161kozen\u00ed b\u00edl\u00e9 mozkov\u00e9 hmoty).<\/p>\n<p style=\"text-align: justify;\">&nbsp;<\/p>\n<p style=\"text-align: justify;\">Od za\u010d\u00e1tku pobytu v nemocnici doch\u00e1zela na pokoje rehabilita\u010dn\u00ed sestra a ob\u010das MUDr. Kol\u00e1\u0159ov\u00e1 a za\u010dali n\u00e1s u\u010dit, jak cvi\u010dit Vojtovu metodu. Pr\u00e1v\u011b od tohoto cvi\u010den\u00ed jsme o\u010dek\u00e1vali, \u017ee pom\u016f\u017ee obnovit nebo vytvo\u0159it dr\u00e1hy v b\u00edl\u00e9 mozkov\u00e9 hmot\u011b. S Rom\u00e1nkem jsme na neonatologii chodily je\u0161t\u011b asi rok na kontroly. Pak n\u00e1s odk\u00e1zali u\u017e jen na na\u0161i neurolo\u017eku.<\/p>\n<p style=\"text-align: justify;\">&nbsp;<\/p>\n<p style=\"text-align: justify;\">Asi osm m\u011bs\u00edc\u016f po narozen\u00ed jsme u\u017e v\u011bd\u011bli, \u017ee n\u011bco nen\u00ed v po\u0159\u00e1dku. V\u00fdvoj zaost\u00e1val postupn\u011b o v\u00edc ne\u017e o dva m\u011bs\u00edce. Ale neurolo\u017eka odm\u00edtala cokoli up\u0159esnit. Pr\u00fd a\u017e v roce \u017eivota se diagnostikuje DMO. Tak\u017ee jsme to sice v\u011bd\u011bli, ale nev\u011bd\u011bli. V roce se tedy objevila tato diagn\u00f3za.<\/p>\n<p style=\"text-align: justify;\">&nbsp;<\/p>\n<p style=\"text-align: justify;\">Kontakt na Centrum ran\u00e9 p\u00e9\u010de jsme dostali v deseti m\u011bs\u00edc\u00edch pr\u00e1v\u011b od neurolo\u017eky s t\u00edm, \u017ee pom\u00e1haj\u00ed rodi\u010d\u016fm p\u0159ed\u010dasn\u011b narozen\u00fdch d\u011bt\u00ed. Tak jsme se dostali do jejich p\u00e9\u010de. Po funk\u010dn\u00edm vy\u0161et\u0159en\u00ed zraku byla zji\u0161t\u011bna centr\u00e1ln\u00ed porucha zraku.<\/p>\n<p style=\"text-align: justify;\">&nbsp;<\/p>\n<p style=\"text-align: justify;\">Do dvou let trp\u011bl Rom\u00e1nek na neobjasn\u011bn\u00e9 hore\u010dky. D\u011btsk\u00e1 l\u00e9ka\u0159ka n\u00e1s v\u017edy odeslala do nemocnice, tam zjistili zv\u00fd\u0161en\u00e9 z\u00e1n\u011btliv\u00e9 parametry, nasadili antibiotika a tak to \u0161lo ka\u017ed\u00fdch \u010dtrn\u00e1ct dn\u00ed a\u017e m\u011bs\u00edc opakovan\u011b. P\u0159\u00ed\u010dina t\u011bchto pot\u00ed\u017e\u00ed nebyla zji\u0161t\u011bna. Od dvou let m\u00e1me od tohoto klid. Hore\u010dky p\u0159estaly. Od t\u00e9 doby ale pro zm\u011bnu doj\u00ed\u017ed\u00edme na kontroly do Prahy na odd\u011blen\u00ed d\u011bdi\u010dn\u00fdch metabolick\u00fdch poruch. Od Rom\u00e1nkov\u00fdch dvou let, po absolvov\u00e1n\u00ed svalov\u00e9 biopsie a lumb\u00e1ln\u00ed punkce tam b\u00e1daj\u00ed a sna\u017e\u00ed se objevit d\u011bdi\u010dnou metabolickou poruchu, kterou podle nich syn trp\u00ed. Pr\u00fd se u mnoha d\u011bt\u00ed diagnostikovan\u00fdch jako DMO nejedn\u00e1 o DMO, ale o r\u016fzn\u00e9 d\u011bdi\u010dn\u00e9 poruchy. O tom je pan doktor p\u0159esv\u011bd\u010den\u00fd i u Rom\u00e1nka. Z toho d\u016fvodu n\u00e1m zat\u00edm nedoporu\u010dovali dal\u0161\u00ed d\u011bti. Pr\u00fd by na 25% mohlo b\u00fdt nemocn\u00e9 i dal\u0161\u00ed d\u00edt\u011b. Pokud by diagn\u00f3zu potvrdili, jednalo by se pravd\u011bpodobnost a\u017e 75%. Bohu\u017eel dodnes neobjevili, co hledaj\u00ed.<\/p>\n<p style=\"text-align: justify;\">&nbsp;<\/p>\n<p style=\"text-align: justify;\">Pot\u00e9, co n\u00e1m bylo sd\u011bleno, \u017ee na\u0161e d\u00edt\u011b vlastn\u011b nikdy nebude jako ostatn\u00ed d\u011bti, bylo to moc t\u011b\u017ek\u00e9. Pokud m\u00e1m mluvit za sebe, mysl\u00edm, \u017ee zvyknout se na to ned\u00e1 nikdy, i kdy\u017e se \u010dlov\u011bk sna\u017e\u00ed. Do Rom\u00e1nkov\u00fdch t\u0159\u00ed let jsem nemohla vid\u011bt jin\u00e9 d\u011bti. Sta\u010dilo b\u00fdt chv\u00edli v \u010dek\u00e1rn\u011b u l\u00e9ka\u0159e, nebo j\u00edt parkem. Po\u0159\u00e1d jsem bre\u010dela. \u0158\u00edkala jsem si, pro\u010d zrovna my. Pro\u010d mus\u00ed b\u00fdt Rom\u00e1nek tak nemocn\u00fd. Nikdy se o sebe nepostar\u00e1. P\u0159\u00e1la jsem si, aby byl zdrav\u00fd. Ne kv\u016fli sob\u011b, ale kv\u016fli n\u011bmu.<\/p>\n<p style=\"text-align: justify;\">&nbsp;<\/p>\n<p style=\"text-align: justify;\">Do t\u0159\u00ed let jsme cvi\u010dili 3-4x denn\u011b, do toho po t\u0159ech hodin\u00e1ch krmen\u00ed. Do toho ka\u017edou chv\u00edli v nemocnici. \u017divot byl sam\u00fd stres a starosti. Byly chv\u00edle, kdy jsem si \u0159\u00edkala, pro\u010d to Rom\u00e1nek v\u016fbec p\u0159e\u017eil, pro\u010d musel b\u00fdt takov\u00fd bojovn\u00edk. Kdyby tenkr\u00e1t nep\u0159e\u017eil, nemuseli bychom se tu te\u010f ani my, ani on tr\u00e1pit. \u0158\u00edkala jsem si, \u017ee ze \u017eivota bude m\u00edt jen tr\u00e1pen\u00ed. On toho do t\u0159\u00ed let moc ned\u011blal. Byl zcela z\u00e1visl\u00fd na n\u00e1s. Nenechal se pochovat ani od babi\u010dek nebo d\u011bde\u010dk\u016f, nato\u017e od ciz\u00edch lid\u00ed. I to bylo vlastn\u011b hodn\u011b stresuj\u00edc\u00ed. Nemohla jsem se od n\u011bj ani hnout. Tak\u00e9 jakmile byl s\u00e1m, bre\u010del. V\u016fbec hodn\u011b bre\u010del. Vy\u017eadoval neust\u00e1le n\u011b\u010d\u00ed p\u0159\u00edtomnost. Asi to souviselo i s jeho vadou zraku, d\u00edky kter\u00e9 nevid\u00ed dodnes do d\u00e1lky. Jen jakousi bublinu kolem sebe. Tak se s\u00e1m asi nec\u00edtil bezpe\u010dn\u011b. Ve t\u0159ech letech se to zm\u011bnilo. Za\u010dal b\u00fdt spole\u010den\u0161t\u011bj\u0161\u00ed, vn\u00edmat rodinu, za\u010dal se po ment\u00e1ln\u00ed str\u00e1nce postupn\u011b neust\u00e1le rozv\u00edjet. V t\u00e9 dob\u011b jsem p\u0159estala poctiv\u011b cvi\u010dit Vojtovku. Jeho \u017eivot p\u0159estalo b\u00fdt jen cvi\u010den\u00ed, krmen\u00ed a span\u00ed. Najednou asi mohl za\u010d\u00edt vn\u00edmat sv\u011bt kolem sebe. Nev\u00edm. Ka\u017edop\u00e1dn\u011b od t\u00e9 doby m\u00e1me \u017eivot veselej\u0161\u00ed, Rom\u00e1nek n\u00e1s dodnes neust\u00e1le p\u0159ekvapuje mal\u00fdmi drobn\u00fdmi pokroky.<\/p>\n<p style=\"text-align: justify;\">&nbsp;<\/p>\n<p style=\"text-align: justify;\">Rom\u00e1nek je drobn\u00fd chlapec, v\u00e1\u017e\u00edc\u00ed v sedmi letech 10,5kg. Diagn\u00f3za zn\u00ed DMO &#8211; spastick\u00e1 kvadrupar\u00e9za (a p\u0159edpokl\u00e1dan\u00e1 d\u011bdi\u010dn\u00e1 metabolick\u00e1 porucha). Nesed\u00ed, nechod\u00ed, nemluv\u00ed. Pohybuje se plazen\u00edm. Lev\u00e1 strana t\u011bla je posti\u017eena v\u00edce. Jak bylo zji\u0161t\u011bno p\u0159i funk\u010dn\u00edm vy\u0161et\u0159en\u00ed zraku, m\u00e1 tak\u00e9 centr\u00e1ln\u00ed poruchu zraku. Nev\u00edme, jak vlastn\u011b vid\u00ed. Do d\u00e1lky moc nevid\u00ed, ale jinak rozpozn\u00e1v\u00e1 obr\u00e1zky a v\u011bci kolem sebe. A pr\u00e1v\u011b s pozn\u00e1v\u00e1n\u00edm jeho schopnost\u00ed a dovednost\u00ed n\u00e1m velmi pomohla spolupr\u00e1ce se st\u0159ediskem. Od za\u010d\u00e1tku jsme vyu\u017e\u00edvali p\u016fj\u010dov\u00e1n\u00ed pom\u016fcek. D\u00edky tomu se uk\u00e1zalo, co je a co nen\u00ed schopen Rom\u00e1nek prov\u00e9st, co ch\u00e1pe a co ne. U\u017e samotn\u00e9 funk\u010dn\u00ed vy\u0161et\u0159en\u00ed zraku bylo d\u016fle\u017eit\u00e9. Bylo d\u016fle\u017eit\u00e9 v\u011bd\u011bt nap\u0159., \u017ee ukazovat mu pt\u00e1ky na nebi nem\u00e1 smysl, \u017ee v\u011bci bl\u00ed\u017e k sob\u011b vid\u00ed. Nejen to. Pr\u00e1ce s n\u00edm, se pak dala p\u0159izp\u016fsobit jeho pot\u0159eb\u00e1m a i v b\u011b\u017en\u00e9m \u017eivot\u011b se pak mohl l\u00e9pe rozv\u00edjet. D\u00edky \u010dinnostem, kter\u00e9 jsme m\u011bli mo\u017enost d\u00edky st\u0159edisku postupn\u011b zkou\u0161et, jsme zjistili, jak na tom Rom\u00e1nek je a u\u010dili se s n\u00edm pracovat. Rom\u00e1nek dnes rozum\u00ed, co se po n\u011bm chce. Moc se sna\u017e\u00ed splnit \u00fakoly a m\u00e1 radost z ka\u017ed\u00e9 pr\u00e1ce. Samoz\u0159ejm\u011b je motoricky omezen\u00fd, \u00fakoly m\u016f\u017ee zvl\u00e1dat jen v r\u00e1mci sv\u00fdch mo\u017enost\u00ed.<\/p>\n<p style=\"text-align: justify;\">&nbsp;<\/p>\n<p style=\"text-align: justify;\">Neb\u00fdt St\u0159ediska ran\u00e9 p\u00e9\u010de, \u017e\u00e1dn\u00ed l\u00e9ka\u0159i ani nikdo jin\u00fd by takto celkov\u011b Rom\u00e1nka neznal a nepomohl n\u00e1m v jeho veden\u00ed a u\u010den\u00ed. Za to v\u0161echno moc d\u011bkujeme. A nejen za to. Moc n\u00e1m pom\u00e1haly informace o pom\u016fck\u00e1ch a o zm\u011bn\u00e1ch z\u00e1kon\u016f. Vlastn\u011b jen d\u00edky spolupr\u00e1ci se st\u0159ediskem m\u00e1me speci\u00e1ln\u00ed ko\u010d\u00e1rek, seda\u010dku, leh\u00e1tko a voz\u00edk za kolo. Tyto informace jsme z\u00edskali pouze odtud. Nikdy n\u00e1m nap\u0159\u00edklad neurolo\u017eka nenavrhla \u017e\u00e1dnou pom\u016fcku. Jen kdy\u017e jsem p\u0159i\u0161la s t\u00edm, na co pot\u0159ebuji poukaz, napsala to. A to jsem je\u0161t\u011b musela v\u011bd\u011bt k\u00f3dy. Zrovna tak br\u00fdle. T\u0159i roky jsme chodili do Bud\u011bjovic k d\u011btsk\u00e9 o\u010dn\u00ed doktorce. Pak n\u00e1s poradkyn\u011b informovala o speci\u00e1ln\u00edm o\u010dn\u00edm pracovi\u0161ti v Praze a mo\u017enosti se tam objednat. Ud\u011blali jsme to a hned po prvn\u00ed n\u00e1v\u0161t\u011bv\u011b jsme m\u011bli br\u00fdle. Tady roky nic. I d\u00edky tomuto pracovi\u0161ti v\u00edme zase o n\u011bco v\u00edce o tom, jak Rom\u00e1nek kouk\u00e1, pro\u010d \u0161ilh\u00e1 apod. D\u00edky ran\u00e9 p\u00e9\u010di jsme u\u017e ve dvou letech po\u017e\u00e1dali o p\u0159\u00edp\u011bvek na p\u00e9\u010di. Pokud byl kdykoli probl\u00e9m s t\u00edm, \u017ee se n\u011bco zm\u011bnilo nebo jsem nev\u011bd\u011bla jak postupovat, obr\u00e1tila jsem se na poradkyni a vyu\u017eila jej\u00ed zku\u0161enosti z praxe a z jin\u00fdch rodin. Zkr\u00e1tka pro n\u00e1s jako rodi\u010de je ran\u00e1 p\u00e9\u010de jakousi oporou a pomocnou rukou ve chv\u00edli, kdy si nev\u00edme rady. A to n\u00e1m te\u010f bude opravdu velmi chyb\u011bt.<\/p>\n<p style=\"text-align: justify;\">&nbsp;<\/p>\n<p style=\"text-align: justify;\">J\u00e1 jsem \u010dlov\u011bk, kter\u00fd moc nevyhled\u00e1v\u00e1 spole\u010dnost. Setk\u00e1v\u00e1n\u00ed rodin jsme ze za\u010d\u00e1tku v\u016fbec nevyu\u017e\u00edvali. Chodili jsme pouze na v\u00e1no\u010dn\u00ed setk\u00e1n\u00ed. Ale to pro n\u00e1s bylo v\u017edy p\u0159\u00edjemn\u00e9. A\u017e asi posledn\u00ed rok jsme vyu\u017eili mo\u017enosti spole\u010dn\u00fdch v\u00fdlet\u016f s jin\u00fdmi rodi\u010di a setk\u00e1n\u00ed o Bobath konceptu. Moc se n\u00e1m to l\u00edbilo a \u0159\u00edkala jsem si, pro\u010d jsme nejezdili u\u017e d\u0159\u00edv. Ale \u010dlov\u011bk asi pot\u0159ebuje k ur\u010dit\u00fdm v\u011bcem doj\u00edt s\u00e1m. Podle toho jak se c\u00edt\u00ed. D\u0159\u00edv jsem na to asi nem\u011bla, nec\u00edtila bych se tak dob\u0159e, ale pak z\u0159ejm\u011b p\u0159i\u0161el \u010das, kdy to \u0161lo samo. \u0160koda pro n\u00e1s, \u017ee a\u017e tak pozd\u011b, kdy\u017e u\u017e mus\u00edme spolupr\u00e1ci ukon\u010dit.<\/p>\n<p style=\"text-align: justify;\">&nbsp;<\/p>\n<p style=\"text-align: justify;\">M\u00e1lem bych zapomn\u011bla na to, \u017ee neb\u00fdt ran\u00e9 p\u00e9\u010de, nem\u011bli bychom pro Rom\u00e1nka iPad. Za\u0161t\u00edtili na\u0161i \u017e\u00e1dost pro nadaci a t\u00edm n\u00e1m umo\u017enili iPad z\u00edskat. Za to jim rovn\u011b\u017e pat\u0159\u00ed n\u00e1\u0161 velk\u00fd d\u00edk, proto\u017ee d\u00edky tomu m\u00e1me dal\u0161\u00ed mo\u017enosti posunout se s Rom\u00e1nkem zase dop\u0159edu.<\/p>\n<p style=\"text-align: justify;\">&nbsp;<\/p>\n<p style=\"text-align: justify;\">Mn\u011b osobn\u011b na\u0161e poradkyn\u011b uk\u00e1zala cestu k synergetick\u00e9 reflexn\u00ed terapii a i t\u00edm moc pomohla v m\u00e9m hled\u00e1n\u00ed jin\u00e9 cesty ne\u017e drilu Vojtovy metody. Dnes, po zm\u011bn\u011b rehabilita\u010dn\u00ed pracovnice se sna\u017e\u00edme Vojtovu metody cvi\u010dit \u0161etrn\u011bji, dopl\u0148ujeme tapingem, mas\u00e1\u017eemi, vzduchov\u00fdmi dlahami apod. J\u00e1 douf\u00e1m, \u017ee to mn\u011b i Rom\u00e1nkovi p\u0159inese klidn\u011bj\u0161\u00ed zp\u016fsob rehabilitace a celkov\u011b v\u011bt\u0161\u00ed klid v rodin\u011b.<\/p>\n<p style=\"text-align: justify;\">&nbsp;<\/p>\n<p style=\"text-align: justify;\">V neposledn\u00ed \u0159ad\u011b byla poradkyn\u011b jakousi \u201evrbou\u201c. \u010casto si vyslechla na\u0161e osobn\u00ed a rodinn\u00e9 probl\u00e9my a starosti. Ka\u017ed\u00e1 rodina s posti\u017een\u00fdm d\u00edt\u011btem pro\u017e\u00edv\u00e1 spoustu t\u011b\u017ek\u00fdch okam\u017eik\u016f, \u0159e\u0161\u00ed spousty probl\u00e9m\u016f, p\u0159ek\u00e1\u017eek. N\u011bkdy se da\u0159\u00ed v\u011bci \u0159e\u0161it l\u00e9pe, n\u011bkdy h\u016f\u0159e. Ne v\u017edy je to lehk\u00e9, ale v\u017edy pom\u016f\u017ee, kdy\u017e se \u010dlov\u011bk m\u016f\u017ee s probl\u00e9mem n\u011bkomu sv\u011b\u0159it, p\u0159\u00edpadn\u011b poradit. Pokud o to \u010dlov\u011bk stoj\u00ed, je mo\u017en\u00e9 p\u0159es poradce z\u00edskat kontakt na odbornou pomoc. Nev\u00edm, jak bychom to v\u0161echno bez pomoci ran\u00e9 p\u00e9\u010de zvl\u00e1dali.<\/p>\n<p style=\"text-align: justify;\">&nbsp;<\/p>\n<p style=\"text-align: justify;\">Na z\u00e1v\u011br na\u0161\u00ed spolupr\u00e1ce jsme je\u0161t\u011b absolvovali funk\u010dn\u00ed vy\u0161et\u0159en\u00ed zraku. To mi op\u011bt otev\u0159elo o\u010di. Zjistila jsem, \u017ee Rom\u00e1nek sice nevid\u00ed moc do d\u00e1lky-to se nezm\u011bnilo, ale zbl\u00edzka \u201eukoukal\u201c tak mal\u00e9 obr\u00e1zky, a\u017e jsem tomu nemohla v\u011b\u0159it. To je pro mne d\u016fle\u017eit\u00e9 v dal\u0161\u00ed pr\u00e1ci s Rom\u00e1nkem. Ten za\u010dal chodit do \u0161koly a te\u010f s pan\u00ed u\u010ditelkou hled\u00e1me spole\u010dnou cestu jak s n\u00edm pracovat.<\/p>\n<p style=\"text-align: justify;\">&nbsp;<\/p>\n<p style=\"text-align: justify;\">T\u00edmto bych za na\u0161\u00ed rodinu cht\u011bla opravdu moc pod\u011bkovat v\u0161em zam\u011bstnanc\u016fm St\u0159ediska ran\u00e9 p\u00e9\u010de v \u010cesk\u00fdch Bud\u011bjovic\u00edch. Jmenovit\u011b Martin\u011b Papou\u0161kov\u00e9 za to, \u017ee to se mnou vydr\u017eela a \u017ee si s Rom\u00e1nkem tak rozum\u011bla. On ji u\u017e p\u0159i prvn\u00ed n\u00e1v\u0161t\u011bv\u011b p\u0159iv\u00edtal pusinkou. To mluv\u00ed za v\u0161e. D\u00e1le moc d\u011bkuji Pet\u0159e Samcov\u00e9 a jej\u00ed kolegyni, kter\u00e9 s n\u00e1mi spolupracovaly p\u0159i zmi\u0148ovan\u00e9m funk\u010dn\u00edm vy\u0161et\u0159en\u00ed zraku. Bylo to podn\u011btn\u00e9 dopoledne. Ale d\u011bkuji i pan\u00ed Mata\u0161ovsk\u00e9 a v\u0161em ostatn\u00edm, kte\u0159\u00ed se pod\u00edlej\u00ed na p\u0159\u00edprav\u011b v\u0161ech aktivit a chodu st\u0159ediska. P\u0159\u00e1la bych V\u00e1m dostatek finan\u010dn\u00edch prost\u0159edk\u016f pro Va\u0161i z\u00e1slu\u017enou pr\u00e1ci, aby i v t\u00e9to nelehk\u00e9 dob\u011b byla Va\u0161e p\u00e9\u010de dostupn\u00e1 pro v\u0161echny, kdo ji pot\u0159ebuj\u00ed. Moc d\u011bkujeme!<\/p>\n<p style=\"text-align: justify;\">&nbsp;<\/p>\n<p style=\"text-align: justify;\">&nbsp;<\/p>\n<p style=\"text-align: justify;\">&nbsp;<\/p>\n<p style=\"text-align: justify;\">Eli\u0161ka Mat\u011bjkov\u00e1, Roman Jahelka a Rom\u00e1nek<\/p>\n","protected":false},"excerpt":{"rendered":"<p>Po \u0161esti letech kon\u010d\u00ed na\u0161e spolupr\u00e1ce se St\u0159ediskem ran\u00e9 p\u00e9\u010de. Jsme r\u00e1di, \u017ee jsme mohli jejich slu\u017eeb vyu\u017e\u00edvat tak dlouho a kdyby to bylo mo\u017en\u00e9, vyu\u017e\u00edvali bychom tyto slu\u017eby r\u00e1di i d\u00e9le. &nbsp; N\u00e1\u0161 syn se jmenuje Rom\u00e1nek. Dnes je mu sedm let, ale kdy\u017e si vzpomenu na jeho narozen\u00ed a za\u010d\u00e1tky toho v\u0161eho, co [&hellip;]<\/p>\n","protected":false},"author":3,"featured_media":0,"comment_status":"closed","ping_status":"closed","sticky":false,"template":"","format":"standard","meta":{"footnotes":""},"categories":[6],"tags":[],"class_list":["post-188","post","type-post","status-publish","format-standard","hentry","category-pribehy-rodicu"],"acf":[],"_links":{"self":[{"href":"https:\/\/tyden.ranapece.cz\/2025\/wp-json\/wp\/v2\/posts\/188","targetHints":{"allow":["GET"]}}],"collection":[{"href":"https:\/\/tyden.ranapece.cz\/2025\/wp-json\/wp\/v2\/posts"}],"about":[{"href":"https:\/\/tyden.ranapece.cz\/2025\/wp-json\/wp\/v2\/types\/post"}],"author":[{"embeddable":true,"href":"https:\/\/tyden.ranapece.cz\/2025\/wp-json\/wp\/v2\/users\/3"}],"replies":[{"embeddable":true,"href":"https:\/\/tyden.ranapece.cz\/2025\/wp-json\/wp\/v2\/comments?post=188"}],"version-history":[{"count":1,"href":"https:\/\/tyden.ranapece.cz\/2025\/wp-json\/wp\/v2\/posts\/188\/revisions"}],"predecessor-version":[{"id":189,"href":"https:\/\/tyden.ranapece.cz\/2025\/wp-json\/wp\/v2\/posts\/188\/revisions\/189"}],"wp:attachment":[{"href":"https:\/\/tyden.ranapece.cz\/2025\/wp-json\/wp\/v2\/media?parent=188"}],"wp:term":[{"taxonomy":"category","embeddable":true,"href":"https:\/\/tyden.ranapece.cz\/2025\/wp-json\/wp\/v2\/categories?post=188"},{"taxonomy":"post_tag","embeddable":true,"href":"https:\/\/tyden.ranapece.cz\/2025\/wp-json\/wp\/v2\/tags?post=188"}],"curies":[{"name":"wp","href":"https:\/\/api.w.org\/{rel}","templated":true}]}}