{"id":184,"date":"2017-10-19T20:26:21","date_gmt":"2017-10-19T18:26:21","guid":{"rendered":"https:\/\/tyden.ranapece.cz\/2025\/?p=184"},"modified":"2017-10-19T20:26:21","modified_gmt":"2017-10-19T18:26:21","slug":"konecne-me-trochu-uklidnili","status":"publish","type":"post","link":"https:\/\/tyden.ranapece.cz\/2025\/pribehy-rodicu\/konecne-me-trochu-uklidnili\/","title":{"rendered":"Kone\u010dn\u011b m\u011b trochu uklidnili&#8230;"},"content":{"rendered":"<p style=\"text-align: justify;\">Ty prvn\u00ed dny, kdy jsme za\u010dali \u201eob\u00edhat l\u00e9ka\u0159e\u201c, pro n\u00e1s byly opravdu divok\u00e9. Nikdo n\u00e1m nedok\u00e1zal nic \u0159\u00edci, nic vysv\u011btlit, o nystagmu jsem sly\u0161ela poprv\u00e9 a nem\u011bla jsem tu\u0161en\u00ed, co v\u0161echno m\u00e1m od t\u00e9to diagn\u00f3zy \u010dekat, jak to zm\u011bn\u00ed Mi\u0161\u010din v\u00fdvoj apod.<\/p>\n<p style=\"text-align: justify;\">&nbsp;<\/p>\n<p style=\"text-align: justify;\">Abych vysv\u011btlila, \u010d\u00edm mn\u011b a m\u00e9 rodin\u011b ran\u00e1 p\u00e9\u010de pomohla, mus\u00edm za\u010d\u00edt od \u00fapln\u00e9ho za\u010d\u00e1tku, tedy od chv\u00edle, kdy jsme zjistili, \u017ee s o\u010dkama na\u0161\u00ed dcerky nen\u00ed n\u011bco v po\u0159\u00e1dku. Na Michaelku jsme \u010dekali p\u0159es 3 roky. Cel\u00e9 t\u011bhotenstv\u00ed i porod prob\u011bhly v po\u0159\u00e1dku, stejn\u011b tak prvn\u00ed 3 m\u011bs\u00edce jej\u00edho \u017eivota. Pak jsme si postupn\u011b v\u0161\u00edmali, \u017ee nereaguje na r\u016fzn\u00e9 vizu\u00e1ln\u00ed podn\u011bty tak jako ostatn\u00ed d\u011bti. Nav\u0161t\u00edvili jsme prvn\u00edho doktora, kter\u00fd n\u00e1m \u0159ekl, \u017ee Mi\u0161ka reaguje na sv\u011btlo, ale je mo\u017en\u00e9, \u017ee je slep\u00e1, a doporu\u010dil vy\u0161et\u0159en\u00ed v nemocnici. Tam jsem nebyla o moc chyt\u0159ej\u0161\u00ed. Pan\u00ed doktorka Mi\u0161ku vy\u0161et\u0159ila, zopakovala, \u017ee reaguje na sv\u011btlo, m\u00e1 m\u00e1lo pigmentu, ale \u017ee v\u00edce zat\u00edm nen\u00ed schopna \u0159\u00edci, jen \u017ee Michaelkat\u011bk\u00e1 o\u010dkama (pravd\u011bpodobn\u011b n\u011bjak\u00e1 forma nystagmu), a zda vid\u00ed, pop\u0159. jak, to se zat\u00edm nepoda\u0159ilo zjistit. Spolu se zpr\u00e1vou jsem dostala i let\u00e1k ran\u00e9 p\u00e9\u010de, kam jsem ihned volala. Zrovna za\u010d\u00ednaly letn\u00ed pr\u00e1zdniny, ale na\u0161t\u011bst\u00ed n\u00e1s ochotn\u011b objednali hned na z\u00e1\u0159\u00ed.<\/p>\n<p style=\"text-align: justify;\">&nbsp;<\/p>\n<p style=\"text-align: justify;\">Ty prvn\u00ed dny, kdy jsme za\u010dali \u201eob\u00edhat l\u00e9ka\u0159e\u201c, pro n\u00e1s byly opravdu divok\u00e9. Nikdo n\u00e1m nedok\u00e1zal nic \u0159\u00edci, nic vysv\u011btlit, o nystagmu jsem sly\u0161ela poprv\u00e9 a nem\u011bla jsem tu\u0161en\u00ed, co v\u0161echno m\u00e1m od t\u00e9to diagn\u00f3zy \u010dekat, jak to zm\u011bn\u00ed Mi\u0161\u010din v\u00fdvoj apod. Nav\u00edc n\u00e1s \u010dekalai dal\u0161\u00ed vy\u0161et\u0159en\u00ed na neurologii.<\/p>\n<p style=\"text-align: justify;\">&nbsp;<\/p>\n<p style=\"text-align: justify;\">Ve st\u0159edisku ran\u00e9 p\u00e9\u010de provedli funk\u010dn\u00ed vy\u0161et\u0159en\u00ed zraku a kone\u010dn\u011b m\u011b trochu uklidnili. Vysv\u011btlili n\u00e1m, o jakou zrakovou vadu u dcery jde, zjistili jsme, \u017ee Mi\u0161ka vid\u00ed (i kdy\u017e h\u016f\u0159e ne\u017e \u00fapln\u011b zdrav\u00e9 d\u011bti) a \u017ee je sv\u011btloplach\u00e1. Poradili mi, jak tr\u00e9novat zrak, aby se co nejl\u00e9pe vyv\u00edjel, a dali n\u00e1mdal\u0161\u00ed u\u017eite\u010dn\u00e9 informace (tak\u00e9 o vhodnosti slune\u010dn\u00edch br\u00fdlek). Nemalou pomoc\u00ed byla i mo\u017enost zap\u016fj\u010den\u00ed hra\u010dek a stimula\u010dn\u00edch p\u0159edm\u011bt\u016f.<\/p>\n<p style=\"text-align: justify;\">&nbsp;<\/p>\n<p style=\"text-align: justify;\">Kontroln\u00ed vy\u0161et\u0159en\u00ed v nemocnici dopadlo podobn\u011b jako poprv\u00e9. Op\u011bt mi pan\u00ed doktorka jen zopakovala diagn\u00f3zu (nystagmus, sv\u011btloplachost, \u0161ilh\u00e1n\u00ed) a nic k tomu.<\/p>\n<p style=\"text-align: justify;\">&nbsp;<\/p>\n<p style=\"text-align: justify;\">V ran\u00e9 p\u00e9\u010di jsme zavedli dal\u0161\u00ed cviky na posiln\u011bn\u00ed o\u010dek a ke zlep\u0161en\u00ed celkov\u00e9ho psychomotorick\u00e9ho v\u00fdvoje. Z\u00e1rove\u0148 jsme vyzkou\u0161eli prvn\u00ed br\u00fdlky s barevn\u00fdmi filtry (\u0161ed\u00e9, \u010derven\u00e9, \u017elut\u00e9) a zji\u0161\u0165ovali, ve kter\u00fdch seMi\u0161cenejl\u00e9pe kouk\u00e1. S filtrov\u00fdmi br\u00fdlemiMi\u0161ka venku kone\u010dn\u011b po\u0159\u00e1dn\u011b koukala, nemhou\u0159ila o\u010dka a objevovala sv\u011bt.<\/p>\n<p style=\"text-align: justify;\">&nbsp;<\/p>\n<p style=\"text-align: justify;\">Stejn\u011b sin\u00e1\u0161 \u017eivot bez slu\u017eeb ran\u00e9 p\u00e9\u010de snad ani neum\u00edm p\u0159edstavit. Nejv\u011bt\u0161\u00ed pomoc to bylana za\u010d\u00e1tku, kdy d\u00edky ve\u0161ker\u00fdm informac\u00edm z jejich strany slab\u0161\u00ed zrak na\u0161\u00ed dcerky negativn\u011b neovlivnil jej\u00ed v\u00fdvoj \u2013 kr\u00e1sn\u011b se \u201erozkoukala\u201c, ale nav\u00edcpohybov\u011b a intelektu\u00e1ln\u011b nijak nezaostala. Je to \u0161ikovn\u00e1, temperamentn\u00ed,zdrav\u011b sebev\u011bdom\u00e1 mal\u00e1 sle\u010dna. \u0158ekla bych, \u017ee pro n\u00e1s v ran\u00e9 p\u00e9\u010di ud\u011blali hodn\u011b (z m\u00e9ho pohledu mo\u017en\u00e1 i v\u00edce ne\u017e l\u00e9ka\u0159i). Dote\u010f n\u00e1m poradkyn\u011b ran\u00e9 p\u00e9\u010de (pro na\u0161i hol\u010di\u010dku je to teta Kamila) p\u0159in\u00e1\u0161\u00ed spoustu informac\u00ed, jak na\u0161i dcerku d\u00e1le rozv\u00edjet a jak co nejl\u00e9pe stimulovat jej\u00ed zrak.<\/p>\n<p style=\"text-align: justify;\">&nbsp;<\/p>\n<p style=\"text-align: justify;\">Bohu\u017eel to vypad\u00e1, \u017ee slab\u0161\u00ed zrak bude m\u00edt i na\u0161e druh\u00e1 dcerka Kl\u00e1rka.Po p\u0159edchoz\u00edch zku\u0161enostech jsem ale klidn\u011bj\u0161\u00ed a v\u00edm, \u017ee to zvl\u00e1dneme, proto\u017ee na to nejsme sami a ran\u00e1 p\u00e9\u010de n\u00e1m op\u011bt pom\u00e1h\u00e1, aby Kl\u00e1rka co nejl\u00e9pe o\u010dka rozcvi\u010dila.<\/p>\n<p style=\"text-align: justify;\">&nbsp;<\/p>\n<p style=\"text-align: justify;\">D\u011bkuji cel\u00e9mu kolektivu ran\u00e9 p\u00e9\u010de za dosavadn\u00ed pr\u00e1ci!<\/p>\n<p style=\"text-align: justify;\">&nbsp;<\/p>\n<p style=\"text-align: justify;\">Maminka Michaely a Kl\u00e1rky<\/p>\n","protected":false},"excerpt":{"rendered":"<p>Ty prvn\u00ed dny, kdy jsme za\u010dali \u201eob\u00edhat l\u00e9ka\u0159e\u201c, pro n\u00e1s byly opravdu divok\u00e9. Nikdo n\u00e1m nedok\u00e1zal nic \u0159\u00edci, nic vysv\u011btlit, o nystagmu jsem sly\u0161ela poprv\u00e9 a nem\u011bla jsem tu\u0161en\u00ed, co v\u0161echno m\u00e1m od t\u00e9to diagn\u00f3zy \u010dekat, jak to zm\u011bn\u00ed Mi\u0161\u010din v\u00fdvoj apod. &nbsp; Abych vysv\u011btlila, \u010d\u00edm mn\u011b a m\u00e9 rodin\u011b ran\u00e1 p\u00e9\u010de pomohla, mus\u00edm za\u010d\u00edt [&hellip;]<\/p>\n","protected":false},"author":3,"featured_media":0,"comment_status":"closed","ping_status":"closed","sticky":false,"template":"","format":"standard","meta":{"footnotes":""},"categories":[6],"tags":[],"class_list":["post-184","post","type-post","status-publish","format-standard","hentry","category-pribehy-rodicu"],"acf":[],"_links":{"self":[{"href":"https:\/\/tyden.ranapece.cz\/2025\/wp-json\/wp\/v2\/posts\/184","targetHints":{"allow":["GET"]}}],"collection":[{"href":"https:\/\/tyden.ranapece.cz\/2025\/wp-json\/wp\/v2\/posts"}],"about":[{"href":"https:\/\/tyden.ranapece.cz\/2025\/wp-json\/wp\/v2\/types\/post"}],"author":[{"embeddable":true,"href":"https:\/\/tyden.ranapece.cz\/2025\/wp-json\/wp\/v2\/users\/3"}],"replies":[{"embeddable":true,"href":"https:\/\/tyden.ranapece.cz\/2025\/wp-json\/wp\/v2\/comments?post=184"}],"version-history":[{"count":1,"href":"https:\/\/tyden.ranapece.cz\/2025\/wp-json\/wp\/v2\/posts\/184\/revisions"}],"predecessor-version":[{"id":185,"href":"https:\/\/tyden.ranapece.cz\/2025\/wp-json\/wp\/v2\/posts\/184\/revisions\/185"}],"wp:attachment":[{"href":"https:\/\/tyden.ranapece.cz\/2025\/wp-json\/wp\/v2\/media?parent=184"}],"wp:term":[{"taxonomy":"category","embeddable":true,"href":"https:\/\/tyden.ranapece.cz\/2025\/wp-json\/wp\/v2\/categories?post=184"},{"taxonomy":"post_tag","embeddable":true,"href":"https:\/\/tyden.ranapece.cz\/2025\/wp-json\/wp\/v2\/tags?post=184"}],"curies":[{"name":"wp","href":"https:\/\/api.w.org\/{rel}","templated":true}]}}