{"id":182,"date":"2017-10-19T20:25:56","date_gmt":"2017-10-19T18:25:56","guid":{"rendered":"https:\/\/tyden.ranapece.cz\/2025\/?p=182"},"modified":"2017-10-19T20:25:56","modified_gmt":"2017-10-19T18:25:56","slug":"martina-s-karolinkou","status":"publish","type":"post","link":"https:\/\/tyden.ranapece.cz\/2025\/pribehy-rodicu\/martina-s-karolinkou\/","title":{"rendered":"Martina s Karol\u00ednkou"},"content":{"rendered":"<p style=\"text-align: justify;\">Karolinka je spokojen\u00e1, usm\u011bvav\u00e1, spole\u010densk\u00e1 a n\u011bkdy dost tvrdohlav\u00e1 hol\u010di\u010dka. V sou\u010dasnosti bude m\u00edt 6 let a s r\u016fzn\u00fdmi probl\u00e9my se pot\u00fdk\u00e1me od jej\u00edho porodu. Porod s\u00e1m prob\u011bhl v pohod\u011b (jestli se to tak d\u00e1 \u0159\u00edci \ud83d\ude42 ), po porodu m\u011bla t\u011b\u017e\u0161\u00ed novorozeneckou \u017eloutenku a p\u00e1r dn\u00ed byla v inkub\u00e1toru. Nakonec jsme si tam pole\u017eeli kolem 10-ti dn\u016f.<\/p>\n<p style=\"text-align: justify;\">&nbsp;<\/p>\n<p style=\"text-align: justify;\">V porodnici zjistili, \u017ee m\u00e1 dysplazii ky\u010deln\u00edch kloub\u016f, kter\u00e9 m\u011bla l\u00e9\u010den\u00e9 Frejkovou pe\u0159inkou a n\u00e1sledn\u011b Pavl\u00edkovy t\u0159meny. Kv\u016fli tomu se do 1 roku nesm\u011bla h\u00fdbat, sund\u00e1vat jsme mohli jen na koup\u00e1n\u00ed. U\u017e to bylo pro m\u011b docela t\u011b\u017ek\u00e9, proto\u017ee ostatn\u00ed stejn\u011b narozen\u00e9 d\u011bti b\u011bhem roku za\u010d\u00ednali se sezen\u00edm, plazen\u00edm, chozen\u00edm atd. A my nic. Zp\u011btn\u011b si mysl\u00edm, \u017ee to jej\u00ed psychomotorick\u00e9 opo\u017ed\u011bn\u00ed je\u0161t\u011b prohloubilo. Ztracen\u00fd rok.<\/p>\n<p style=\"text-align: justify;\">&nbsp;<\/p>\n<p style=\"text-align: justify;\">Po roce jsme za\u010dali s rehabilitac\u00ed, nejprve Bobath a pak Vojtovka, kterou jsme cvi\u010dili skoro do 3 let, a n\u00e1sledn\u011b zase nav\u00e1zali na Bobatha. Chodit za\u010dala a\u017e ve 2 letech. Na Kaj\u010de bylo ji\u017e evidentn\u00ed opo\u017ed\u011bn\u00ed, ale v\u0161ichni to p\u0159ipisovali tomu, \u017ee rok vlastn\u011b jen le\u017eela a klasick\u00e9 uji\u0161\u0165ov\u00e1n\u00ed, \u017ee to \u010dasem do\u017eene. Nicm\u00e9n\u011b jsem si u pediatri\u010dky vynutila vy\u0161et\u0159en\u00ed a nastalo klasick\u00e9 kole\u010dko &#8211; neurologie, genetika, klinick\u00e1 psycholo\u017eka. Jeden \u010das padlo i podez\u0159en\u00ed na mozaikovou formu Downova syndromu, co\u017e m\u011b v tu chv\u00edli m\u00e1lem polo\u017eilo. \u010cek\u00e1n\u00ed p\u0159es 3 m\u011bs\u00edce na v\u00fdsledky genetiky byly opravdu dlouh\u00e9.<\/p>\n<p style=\"text-align: justify;\">&nbsp;<\/p>\n<p style=\"text-align: justify;\">Kolem druh\u00e9ho roku m\u00e1me diagnostikovou susp. expresivn\u00ed v\u00fdvojovou dysf\u00e1zii a s podez\u0159en\u00edm na LMR. Od t\u00e9 doby jsme byli na vy\u0161et\u0159en\u00ed ka\u017ed\u00fd rok a diagn\u00f3za se prozat\u00edm zastavila na expresivn\u00ed VD a t\u011b\u017ek\u00e9 koordina\u010dn\u00ed poru\u0161e. LMR prozat\u00edm za\u017eehn\u00e1na. Po prvn\u00edm sd\u011blen\u00ed diagn\u00f3zy jsem za\u010dala hledat mo\u017enosti jak Kaj\u010de pomoci, jak podpo\u0159it a rozv\u00edjet jej\u00ed dovednosti. Dokto\u0159i V\u00e1m sice daj\u00ed diagn\u00f3zu a doporu\u010den\u00ed , ale t\u00edm to taky kon\u010d\u00ed . Hodn\u011b mi v t\u00e9 dob\u011b pomohlo centrum ran\u00e9 p\u00e9\u010de. Bylo to prvn\u00ed m\u00edsto, kde si m\u011b vyslechli a nab\u00eddli sv\u00e9 slu\u017eby zahrnuj\u00edc\u00ed od p\u016fj\u010dov\u00e1n\u00ed pom\u016fcek a\u017e po n\u00e1v\u0161t\u011bvy u n\u00e1s doma. V t\u00e9 dob\u011b m\u011b to zachr\u00e1nilo, nec\u00edtila jsem se tak bezradn\u00e1 a kone\u010dn\u011b m\u011bla pocit, \u017ee pro malou mohu n\u011bco ud\u011blat. Pom\u016fcky, kter\u00e9 jsme si p\u016fj\u010dovali, Karol\u00ednu posunuly dop\u0159edu. Doporu\u010dili mi tak\u00e9 znakovku, komunika\u010dn\u00ed syst\u00e9m VOKS, hipoterapii a pomohli i s um\u00edst\u011bn\u00edm do \u0161koly , co\u017e byl opravdu boj. D\u00edky nim jsem se i dozv\u011bd\u011bla i o p\u0159\u00edsp\u011bvku na p\u00e9\u010di o d\u00edt\u011b, kter\u00fd jsme n\u00e1sledn\u011b dostali.<\/p>\n<p style=\"text-align: justify;\">&nbsp;<\/p>\n<p style=\"text-align: justify;\">D\u00edky tomu jsem od 2 let za\u010dala s malou znakovat a chodila na p\u00e1r hodin t\u00fddn\u011b do Montesorri jesl\u00ed. Bohu\u017eel ve 2,5 letech se u mal\u00e9 projevila JIA \u2013 d\u011btsk\u00e1 artritida. Mal\u00e1 dost\u00e1vala p\u016fl roku injekce methatraxatu a je\u0161t\u011b dal\u0161\u00ed p\u016fl rok brala l\u00e9ky. N\u011bkter\u00e9 dny nemohla chudinka bolest\u00ed ani vst\u00e1t. No prost\u011b peklo. Ka\u017edop\u00e1dn\u011b ve\u0161ker\u00fd pokrok, kter\u00fd jsme s malou ud\u011blaly vzal b\u011bhem nemoci za sv\u00e9. Za\u010d\u00ednali jsme pak vlastn\u011b znovu. Po dobu akutn\u00ed f\u00e1ze jsem s malou ani nepracovala a bylo to prost\u011b vid\u011bt. Od 3 let nastoupila do Montesorri \u0161kolky, ale po m\u011bs\u00edci jsem j\u00ed musela d\u00e1t jinam. V kolektivu 20 d\u011bt\u00ed byla ztracen\u00e1, m\u011bla kolem sebe moc podm\u011bt\u016f a v\u016fbec nev\u011bd\u011bla, co m\u00e1 d\u011blat. Cht\u011bla b\u00fdt u v\u0161eho z\u00e1rove\u0148, na nic se ale nesoust\u0159edila a celkov\u011b bylo vid\u011bt, \u017ee tam nen\u00ed spokojen\u00e1. Zkusili jsme je\u0161t\u011b waldorfskou \u0161kolku, ale dopadli jsme stejn\u011b. V sou\u010dasnosti chod\u00ed do \u0161kolky pro sluchov\u011b posti\u017een\u00e9, kde jsou i d\u011bti s dysf\u00e1zi\u00ed. Neb\u00fdt ran\u00e9 p\u00e9\u010de tak m\u011b ani nenapadne, \u017ee by mi tam malou mohli vz\u00edt.<\/p>\n<p style=\"text-align: justify;\">&nbsp;<\/p>\n<p style=\"text-align: justify;\">Ve v\u011bku skoro 6 let Karol\u00ednka po\u0159\u00e1d skoro nemluv\u00ed, slovn\u00ed z\u00e1sobu m\u00e1 ji\u017e pom\u011brn\u011b velikou a sna\u017e\u00ed se, ale v\u00fdslovnost je t\u011b\u017eko srozumiteln\u00e1 a ani j\u00e1 ji n\u011bkdy p\u0159es ve\u0161kerou snahu nerozum\u00edm. Hrub\u00e1 motorika se celkem srovnala, jezd\u00ed na first bike, leze po pr\u016flezk\u00e1ch, ale s d\u011btmi v jej\u00edm v\u011bku se to ned\u00e1 v\u016fbec srovnat, po\u0159\u00e1d m\u00e1 dost nejist\u00e9 pohyby. Z\u016fst\u00e1v\u00e1me v p\u00e9\u010di klinick\u00e9 logopedky, klinick\u00e9 psycholo\u017eky i neurologa, chod\u00edme na rehabilitace a hipoterapii. Kdy\u017e si tak zp\u011btn\u011b prom\u00edt\u00e1m t\u011bch skoro 6 let, tak nejhor\u0161\u00ed asi byla bezradnost p\u0159i hled\u00e1n\u00ed jak pomoci Kaj\u010de posunout se dop\u0159edu. V\u0161ude jsem sly\u0161ela, \u017ee v\u0161e d\u011bl\u00e1m dob\u0159e, a\u0165 jsem trp\u011bliv\u00e1, ale t\u0159eba o centru ran\u00e9 p\u00e9\u010de jsem se dozv\u011bd\u011bla jen d\u00edky vlastn\u00edmu p\u00e1tr\u00e1n\u00ed po internetu a diskuz\u00edm ostatn\u00edch maminek se stejn\u00fdm probl\u00e9mem.<\/p>\n<p style=\"text-align: justify;\">&nbsp;<\/p>\n<p style=\"text-align: justify;\">Bez spolupr\u00e1ce s ranou p\u00e9\u010d\u00ed by Kaj\u010da t\u011b\u017eko byla tam, kde je te\u010f. V sou\u010dasn\u00e9 dob\u011b na\u0161e spolupr\u00e1ce kon\u010d\u00ed a j\u00e1 bych jim r\u00e1da ze srdce pod\u011bkovala za pomoc V t\u00e9 nejt\u011b\u017e\u0161\u00ed chv\u00edli m\u011b podr\u017eeli, vyslechli a pomohli mi dostat se p\u0159es nejhor\u0161\u00ed. Up\u0159\u00edmn\u011b nev\u00edm, jak bych to jinak zvl\u00e1dla.<\/p>\n<p style=\"text-align: justify;\">&nbsp;<\/p>\n<p style=\"text-align: justify;\">Martina s Karol\u00ednkou<\/p>\n","protected":false},"excerpt":{"rendered":"<p>Karolinka je spokojen\u00e1, usm\u011bvav\u00e1, spole\u010densk\u00e1 a n\u011bkdy dost tvrdohlav\u00e1 hol\u010di\u010dka. V sou\u010dasnosti bude m\u00edt 6 let a s r\u016fzn\u00fdmi probl\u00e9my se pot\u00fdk\u00e1me od jej\u00edho porodu. Porod s\u00e1m prob\u011bhl v pohod\u011b (jestli se to tak d\u00e1 \u0159\u00edci \ud83d\ude42 ), po porodu m\u011bla t\u011b\u017e\u0161\u00ed novorozeneckou \u017eloutenku a p\u00e1r dn\u00ed byla v inkub\u00e1toru. Nakonec jsme si tam pole\u017eeli [&hellip;]<\/p>\n","protected":false},"author":3,"featured_media":0,"comment_status":"closed","ping_status":"closed","sticky":false,"template":"","format":"standard","meta":{"footnotes":""},"categories":[6],"tags":[],"class_list":["post-182","post","type-post","status-publish","format-standard","hentry","category-pribehy-rodicu"],"acf":[],"_links":{"self":[{"href":"https:\/\/tyden.ranapece.cz\/2025\/wp-json\/wp\/v2\/posts\/182","targetHints":{"allow":["GET"]}}],"collection":[{"href":"https:\/\/tyden.ranapece.cz\/2025\/wp-json\/wp\/v2\/posts"}],"about":[{"href":"https:\/\/tyden.ranapece.cz\/2025\/wp-json\/wp\/v2\/types\/post"}],"author":[{"embeddable":true,"href":"https:\/\/tyden.ranapece.cz\/2025\/wp-json\/wp\/v2\/users\/3"}],"replies":[{"embeddable":true,"href":"https:\/\/tyden.ranapece.cz\/2025\/wp-json\/wp\/v2\/comments?post=182"}],"version-history":[{"count":1,"href":"https:\/\/tyden.ranapece.cz\/2025\/wp-json\/wp\/v2\/posts\/182\/revisions"}],"predecessor-version":[{"id":183,"href":"https:\/\/tyden.ranapece.cz\/2025\/wp-json\/wp\/v2\/posts\/182\/revisions\/183"}],"wp:attachment":[{"href":"https:\/\/tyden.ranapece.cz\/2025\/wp-json\/wp\/v2\/media?parent=182"}],"wp:term":[{"taxonomy":"category","embeddable":true,"href":"https:\/\/tyden.ranapece.cz\/2025\/wp-json\/wp\/v2\/categories?post=182"},{"taxonomy":"post_tag","embeddable":true,"href":"https:\/\/tyden.ranapece.cz\/2025\/wp-json\/wp\/v2\/tags?post=182"}],"curies":[{"name":"wp","href":"https:\/\/api.w.org\/{rel}","templated":true}]}}