{"id":180,"date":"2017-10-19T20:25:20","date_gmt":"2017-10-19T18:25:20","guid":{"rendered":"https:\/\/tyden.ranapece.cz\/2025\/?p=180"},"modified":"2017-10-19T20:25:20","modified_gmt":"2017-10-19T18:25:20","slug":"preisnerovi","status":"publish","type":"post","link":"https:\/\/tyden.ranapece.cz\/2025\/pribehy-rodicu\/preisnerovi\/","title":{"rendered":"Preisnerovi"},"content":{"rendered":"<p style=\"text-align: justify;\">N\u00e1\u0161 p\u0159\u00edb\u011bh o bezmocnosti, bolesti, strachu z nezn\u00e1ma,\u2026 ale tak\u00e9 mil\u00fdch a empatick\u00fdch lidech ochotn\u00fdch pomoci za\u010dal v roce 2007, kdy jsme poprv\u00e9 nav\u0161t\u00edvili St\u0159edisko ran\u00e9 p\u00e9\u010de v Olomouci.<\/p>\n<p style=\"text-align: justify;\">&nbsp;<\/p>\n<p style=\"text-align: justify;\">D\u016fvodem byla na\u0161e prvorozen\u00e1 nemocn\u00e1 dcera Ani\u010dka, kter\u00e1 d\u00edky fat\u00e1ln\u00edm komplikac\u00edm p\u0159i porodu t\u00e9m\u011b\u0159 zem\u0159ela a jej\u00ed v\u00fdvoj se zastavil n\u011bkde okolo 3. m\u011bs\u00edce \u017eivota. Vlivem t\u011b\u017ek\u00e9ho po\u0161kozen\u00ed mozku nem\u00e1 t\u00e9m\u011b\u0159 \u017e\u00e1dn\u00e9 projevy b\u011b\u017en\u00e9ho \u010dlov\u011bka. Nepohybuje se, nesed\u00ed, nemluv\u00ed. Trp\u00ed epilepsi\u00ed, poruchou p\u0159\u00edjmu potravy, za\u017e\u00edvac\u00edmi probl\u00e9my a jej\u00ed smysly jsou velmi omezen\u00e9.<\/p>\n<p style=\"text-align: justify;\">&nbsp;<\/p>\n<p style=\"text-align: justify;\">U\u017e si ani nepamatuji, kdo mi poradil, abych se spojila se St\u0159ediskem ran\u00e9 p\u00e9\u010de, ale ka\u017edop\u00e1dn\u011b to byla \u201etrefa do \u010dern\u00e9ho\u201c. Ve v\u0161ech t\u011bch pocitech marnosti a beznad\u011bje z jak\u00e9hokoli posunu v dce\u0159in\u011b v\u00fdvoji jsme najednou na\u0161li slab\u00fd n\u00e1znak nad\u011bje a optimismu.<\/p>\n<p style=\"text-align: justify;\">&nbsp;<\/p>\n<p style=\"text-align: justify;\">Pamatuji si, \u017ee jsem byla moc mile p\u0159ekvapen\u00e1 t\u00edm, jak komplexn\u011b se o na\u0161i Ani\u010dku zaj\u00edmaj\u00ed. Do t\u00e9 doby jsem poznala pouze n\u00e1v\u0161t\u011bvy nejr\u016fzn\u011bj\u0161\u00edch l\u00e9ka\u0159\u016f, kte\u0159\u00ed byli v\u00edce \u010di m\u00e9n\u011b skepti\u010dt\u00ed, ale nikdy n\u00e1m \u017e\u00e1dn\u00e9 konkr\u00e9tn\u00ed postupy nenab\u00eddli. Jedin\u00e9 co jsem mohla d\u011blat, bylo dennodenn\u00ed zdlouhav\u00e9 cvi\u010den\u00ed a \u010dast\u00e9 doj\u00ed\u017ed\u011bn\u00ed na rehabilitaci. A\u017e ve st\u0159edisku n\u00e1m do\u0161lo, \u017ee krom\u011b pohybov\u00fdch schopnost\u00ed bychom u Ani\u010dky m\u011bli za\u010d\u00edt rozv\u00edjet tak\u00e9 jej\u00ed smysly a vn\u00edm\u00e1n\u00ed. Naprosto n\u00e1s okouzlily v\u0161echny ty hra\u010dky a zd\u00e1nliv\u011b nepot\u0159ebn\u00e9 v\u011bci, kter\u00e9 se k tomu daly vyu\u017e\u00edt. A toto n\u00e1s nau\u010dili pr\u00e1v\u011b lid\u00e9 z Ran\u00e9 p\u00e9\u010de. Uk\u00e1zali n\u00e1m, co v\u0161echno je pro Ani\u010dku dobr\u00e9, abychom z n\u00ed \u201evydolovali\u201c ve\u0161ker\u00fd zbyl\u00fd potenci\u00e1l. Nebylo toho mnoho, ale i tak n\u00e1m d\u011blaly velkou radost i sebemen\u0161\u00ed n\u00e1znaky fixace o\u010d\u00ed, zrakov\u00e1 komunikace s n\u00e1mi, oto\u010den\u00ed za podn\u011btem\u2026\u2026.Ani\u010dka s n\u00e1mi za\u010dala kone\u010dn\u011b komunikovat, ne slovy, ne gesty, ale komunikovat.<\/p>\n<p style=\"text-align: justify;\">&nbsp;<\/p>\n<p style=\"text-align: justify;\">P\u0159\u00edb\u011bhy z rodin \u2013 St\u0159edisko ran\u00e9 p\u00e9\u010de Olomouc- pracovi\u0161t\u011b pro rodiny d\u011bt\u00ed s t\u011blesn\u00fdm, ment\u00e1ln\u00edm a kombinovan\u00fdm posti\u017een\u00edm. Poskytujeme poradensk\u00e9 slu\u017eby rodin\u00e1m s d\u011btmi s t\u011blesn\u00fdm, ment\u00e1ln\u00edm a kombinovan\u00fdm posti\u017een\u00edm v Olomouck\u00e9m kraji.<\/p>\n<p style=\"text-align: justify;\">&nbsp;<\/p>\n<p style=\"text-align: justify;\">I v dal\u0161\u00edm ohledu n\u00e1m Ran\u00e1 p\u00e9\u010de moc pomohla. Po prvotn\u00edm \u0161oku jsem se p\u0159estala zab\u00fdvat pouze t\u00edm, jak moc je na\u0161e situaci t\u011b\u017ek\u00e1, nespravedliv\u00e1 a bolestn\u00e1 a za\u010dala jsem kone\u010dn\u011b racion\u00e1ln\u011b uva\u017eovat, jak Ani\u010dce a pota\u017emo i n\u00e1m jej\u00ed posti\u017een\u00ed uleh\u010dit. A op\u011bt jsem v\u011bd\u011bla, kde mi porad\u00ed. D\u00edky na\u0161\u00ed asistentce jsem celkem brzy vy\u0159\u00eddila Ani\u010dce p\u0159\u00edsp\u011bvek na p\u00e9\u010di, ZTP pr\u016fkaz, d\u00edky doporu\u010den\u00ed z RP jsme obdr\u017eeli finan\u010dn\u00ed dar na koupi speci\u00e1ln\u00edho ko\u010d\u00e1rku, autoseda\u010dky a dal\u0161\u00edch pom\u016fcek.<\/p>\n<p style=\"text-align: justify;\">&nbsp;<\/p>\n<p style=\"text-align: justify;\">Ka\u017ed\u00e1 n\u00e1v\u0161t\u011bva asistentky Ran\u00e9 p\u00e9\u010de byla v\u017edy velk\u00fdm p\u0159\u00ednosem nejenom pro Ani\u010dku, ale cel\u00e9 na\u0161\u00ed rodin\u011b. Postupn\u011b jsem v n\u00ed na\u0161la \u201evrbu\u201c, kter\u00e9 se mohu sv\u011b\u0159it i s osobn\u00edmi probl\u00e9my. Mysl\u00edm, \u017ee mohu \u0159\u00edci, \u017ee se z n\u00e1s staly p\u0159\u00edtelkyn\u011b.<\/p>\n<p style=\"text-align: justify;\">&nbsp;<\/p>\n<p style=\"text-align: justify;\">Dnes je Ani\u010dce u\u017e 7 let, m\u00e1 dv\u011b vesel\u00e9 sest\u0159i\u010dky a miluj\u00edc\u00ed rodi\u010de. Slu\u017eby Ran\u00e9 p\u00e9\u010de ji\u017e nevyu\u017e\u00edv\u00e1me, ale \u010dasto a s vd\u011bkem vzpom\u00edn\u00e1me!<\/p>\n<p style=\"text-align: justify;\">&nbsp;<\/p>\n<p style=\"text-align: justify;\">Preisnerovi<\/p>\n<p>&nbsp;<\/p>\n<p><img decoding=\"async\" src=\"http:\/\/trp.ranapece.cz\/img\/prilohy\/15\/Preisner_holky.jpg\">&nbsp;<img decoding=\"async\" src=\"http:\/\/trp.ranapece.cz\/img\/prilohy\/15\/Preisner_kocarek.jpg\">&nbsp;<img decoding=\"async\" src=\"http:\/\/trp.ranapece.cz\/img\/prilohy\/15\/Preisner_anicka.jpg\">&nbsp;<img decoding=\"async\" src=\"http:\/\/trp.ranapece.cz\/img\/prilohy\/15\/Preisner_anicka_s_maminkou.jpg\"><\/p>\n","protected":false},"excerpt":{"rendered":"<p>N\u00e1\u0161 p\u0159\u00edb\u011bh o bezmocnosti, bolesti, strachu z nezn\u00e1ma,\u2026 ale tak\u00e9 mil\u00fdch a empatick\u00fdch lidech ochotn\u00fdch pomoci za\u010dal v roce 2007, kdy jsme poprv\u00e9 nav\u0161t\u00edvili St\u0159edisko ran\u00e9 p\u00e9\u010de v Olomouci. &nbsp; D\u016fvodem byla na\u0161e prvorozen\u00e1 nemocn\u00e1 dcera Ani\u010dka, kter\u00e1 d\u00edky fat\u00e1ln\u00edm komplikac\u00edm p\u0159i porodu t\u00e9m\u011b\u0159 zem\u0159ela a jej\u00ed v\u00fdvoj se zastavil n\u011bkde okolo 3. m\u011bs\u00edce \u017eivota. [&hellip;]<\/p>\n","protected":false},"author":3,"featured_media":0,"comment_status":"closed","ping_status":"closed","sticky":false,"template":"","format":"standard","meta":{"footnotes":""},"categories":[6],"tags":[],"class_list":["post-180","post","type-post","status-publish","format-standard","hentry","category-pribehy-rodicu"],"acf":[],"_links":{"self":[{"href":"https:\/\/tyden.ranapece.cz\/2025\/wp-json\/wp\/v2\/posts\/180","targetHints":{"allow":["GET"]}}],"collection":[{"href":"https:\/\/tyden.ranapece.cz\/2025\/wp-json\/wp\/v2\/posts"}],"about":[{"href":"https:\/\/tyden.ranapece.cz\/2025\/wp-json\/wp\/v2\/types\/post"}],"author":[{"embeddable":true,"href":"https:\/\/tyden.ranapece.cz\/2025\/wp-json\/wp\/v2\/users\/3"}],"replies":[{"embeddable":true,"href":"https:\/\/tyden.ranapece.cz\/2025\/wp-json\/wp\/v2\/comments?post=180"}],"version-history":[{"count":1,"href":"https:\/\/tyden.ranapece.cz\/2025\/wp-json\/wp\/v2\/posts\/180\/revisions"}],"predecessor-version":[{"id":181,"href":"https:\/\/tyden.ranapece.cz\/2025\/wp-json\/wp\/v2\/posts\/180\/revisions\/181"}],"wp:attachment":[{"href":"https:\/\/tyden.ranapece.cz\/2025\/wp-json\/wp\/v2\/media?parent=180"}],"wp:term":[{"taxonomy":"category","embeddable":true,"href":"https:\/\/tyden.ranapece.cz\/2025\/wp-json\/wp\/v2\/categories?post=180"},{"taxonomy":"post_tag","embeddable":true,"href":"https:\/\/tyden.ranapece.cz\/2025\/wp-json\/wp\/v2\/tags?post=180"}],"curies":[{"name":"wp","href":"https:\/\/api.w.org\/{rel}","templated":true}]}}