{"id":178,"date":"2017-10-19T20:23:07","date_gmt":"2017-10-19T18:23:07","guid":{"rendered":"https:\/\/tyden.ranapece.cz\/2025\/?p=178"},"modified":"2017-10-19T20:23:07","modified_gmt":"2017-10-19T18:23:07","slug":"barunka-2","status":"publish","type":"post","link":"https:\/\/tyden.ranapece.cz\/2025\/pribehy-rodicu\/barunka-2\/","title":{"rendered":"Barunka"},"content":{"rendered":"<p style=\"text-align: justify;\">Kdy\u017e jsem \u010dekala sv\u00e9 prvn\u00ed vytou\u017een\u00e9 d\u00edt\u011b,bylo mi kr\u00e1sn\u011b, v\u0161e bylo r\u016f\u017eov\u00e9. Potom p\u0159i\u0161el porod, bez komplikac\u00ed, ale mali\u010dkou odnesli rad\u0161i pod kysl\u00edk, byla lehce fialov\u00e1. L\u00e9ka\u0159i mi gratulovali, hol\u010di\u010dka dostala jm\u00e9no Barunka.<br \/>\nU\u017e jsme se t\u011b\u0161ila, a\u017e mi ji kone\u010dn\u011b p\u0159inesou, ale za\u010dala jsem m\u00edt divn\u00fd pocit, partner chodil nerv\u00f3zn\u011b po porodn\u00edm s\u00e1le a kdy\u017e ode\u0161el person\u00e1l, tak mi sd\u011blil, \u017ee Barunka m\u00e1 Down\u016fv syndrom. Na\u0161t\u011bst\u00ed n\u00e1s nechali o samot\u011b, ale v tu chv\u00edli to byl nejhor\u0161\u00ed moment v m\u00e9m \u017eivot\u011b, cht\u011bla jsem usnout a probudit se jinde.<br \/>\nPerson\u00e1l byl k n\u00e1m velmi mil\u00fd, moc n\u00e1s podpo\u0159ili. Druh\u00fd den bohu\u017eel Barunku odvezli do Brn\u011bnsk\u00e9 nemocnice, nebo\u0165 je\u0161t\u011b nav\u00edc zjistili, \u017ee m\u00e1 nemocn\u00e9 srd\u00ed\u010dko.<br \/>\nBylo to o V\u00e1noc\u00edch, ve chv\u00edl\u00edch,kdy se m\u00e1 rozd\u00e1vat radost a \u0161t\u011bst\u00ed, ale my byli na dn\u011b.<br \/>\nMoje my\u0161lenky byli bohu\u017eel hodn\u011b \u0161patn\u00e9, dnes se za n\u011bkter\u00e9 i styd\u00edm a lituji, \u017ee m\u011b napadaly takov\u00e9 v\u011bci.<br \/>\nKdy\u017e u\u017e jsme m\u011bli Barunku po V\u00e1noc\u00edch doma, mamka se p\u0159ihl\u00e1sila do jedn\u00e9 skupinky na facebooku a pov\u00eddala mi, jak\u00e9 jsou to \u00fa\u017easn\u00e9 d\u011bti a \u017ee pr\u00fd a\u0165 se tam p\u0159ihl\u00e1s\u00edm.<\/p>\n<p style=\"text-align: justify;\"><a href=\"http:\/\/www.ranapece.cz\/wp-content\/uploads\/sites\/2\/Barunka-foto.jpg\"><img loading=\"lazy\" decoding=\"async\" class=\"aligncenter size-full wp-image-231\" src=\"http:\/\/www.ranapece.cz\/wp-content\/uploads\/sites\/2\/Barunka-foto.jpg\" alt=\"barunka-foto\" width=\"592\" height=\"392\"><\/a><br \/>\nZe za\u010d\u00e1tku jsem necht\u011bla o t\u011bchto v\u011bcech ani sly\u0161et, necht\u011bla jsem se s nik\u00fdm st\u00fdkat a u\u017e v\u016fbec ne vid\u011bt d\u011bti s Ds.<br \/>\nPo\u0159\u00e1d jsem si myslela, \u017ee jsme jedni z m\u00e1la a \u017ee tyto d\u011bti se nerod\u00ed.<br \/>\nU\u017e ani nev\u00edm, jak jsme p\u0159i\u0161li na&nbsp;<strong>ranou p\u00e9\u010di<\/strong>, ale bylo to pro m\u011b vysvobozen\u00ed z toho zbyte\u010dn\u00e9ho tr\u00e1pen\u00ed. Najednou jsem zjistila, \u017ee existuj\u00ed mil\u00ed lid\u00e9, kte\u0159\u00ed n\u00e1m porad\u00ed a pomohou. Lid\u00e9, pro kter\u00e9 bude Barunka kr\u00e1sn\u00e1 a \u00fa\u017easn\u00e1 hol\u010di\u010dka a nav\u00edc se d\u00edky nim potk\u00e1me s rodinami, kter\u00e9 maj\u00ed stejn\u00e9 starosti (dnes u\u017e v\u00edm,\u017ee i radosti).<\/p>\n<p style=\"text-align: justify;\"><a href=\"http:\/\/www.ranapece.cz\/wp-content\/uploads\/sites\/2\/Barunka-Foto-2.jpg\"><img loading=\"lazy\" decoding=\"async\" class=\"aligncenter size-full wp-image-230\" src=\"http:\/\/www.ranapece.cz\/wp-content\/uploads\/sites\/2\/Barunka-Foto-2.jpg\" alt=\"barunka-foto-2\" width=\"658\" height=\"438\"><\/a><br \/>\nD\u00edky&nbsp;<strong>ran\u00e9 p\u00e9\u010di<\/strong>&nbsp;jsem poznala n\u011bkolik fajn lidi\u010dek a \u00fa\u017easn\u00fdch d\u011bt\u00ed a to byl za\u010d\u00e1tek k tomu, abych pochopila, \u017ee moje dcera s Downov\u00fdm syndromem je \u00fa\u017easn\u00e1 a dokonal\u00e1 bytost a j\u00e1 jsem na ni opravdu py\u0161n\u00e1 a \u0161tastn\u00e1, \u017ee ji m\u00e1m. Vlastn\u011b nejenom j\u00e1, ale cel\u00e1 na\u0161e rodina i p\u0159\u00e1tel\u00e9:-) No a jeliko\u017e je Barunka na\u0161e prvn\u00ed d\u00edt\u011b, po n\u011bjak\u00e9 dob\u011b jsme p\u0159em\u00fd\u0161leli, \u017ee j\u00ed po\u0159\u00edd\u00edme sourozence. Dokonce n\u00e1m to doporu\u010dovali l\u00e9ka\u0159i a vlastn\u011b i v&nbsp;<strong>ran\u00e9 p\u00e9\u010di.<\/strong><br \/>\nI kdy\u017e bude sourozenec mlad\u0161\u00ed, \u017ee ji jednou ve v\u00fdvoji pot\u00e1hne nap\u0159ed.<br \/>\nNa\u0161t\u011bst\u00ed se zada\u0159ilo a i kdy\u017e jsme se t\u011b\u0161ili tak n\u011bjak opatrn\u011b, aby se op\u011bt nevyskytl n\u011bjak\u00fd zdravotn\u00ed probl\u00e9m, Barunce se narodil zdrav\u00fd brat\u0159\u00ed\u010dek Tom\u00e1\u0161ek. Jsou od sebe 3 roky a maj\u00ed se velmi r\u00e1di, hned je doma v\u011bt\u0161\u00ed z\u00e1bava a Barunka m\u00e1 par\u0165\u00e1ka do \u017eivota. Ur\u010dit\u011b je dobr\u00e9, kdy\u017e m\u00e1 d\u00edt\u011b s Downov\u00fdm syndromem sourozence a i kdy\u017e je to n\u011bkdy hodn\u011b n\u00e1ro\u010dn\u00e9, jsme \u0161\u0165astn\u00ed, \u017ee je oba m\u00e1me \ud83d\ude42<\/p>\n","protected":false},"excerpt":{"rendered":"<p>Kdy\u017e jsem \u010dekala sv\u00e9 prvn\u00ed vytou\u017een\u00e9 d\u00edt\u011b,bylo mi kr\u00e1sn\u011b, v\u0161e bylo r\u016f\u017eov\u00e9. Potom p\u0159i\u0161el porod, bez komplikac\u00ed, ale mali\u010dkou odnesli rad\u0161i pod kysl\u00edk, byla lehce fialov\u00e1. L\u00e9ka\u0159i mi gratulovali, hol\u010di\u010dka dostala jm\u00e9no Barunka. U\u017e jsme se t\u011b\u0161ila, a\u017e mi ji kone\u010dn\u011b p\u0159inesou, ale za\u010dala jsem m\u00edt divn\u00fd pocit, partner chodil nerv\u00f3zn\u011b po porodn\u00edm s\u00e1le a [&hellip;]<\/p>\n","protected":false},"author":3,"featured_media":0,"comment_status":"closed","ping_status":"closed","sticky":false,"template":"","format":"standard","meta":{"footnotes":""},"categories":[6],"tags":[],"class_list":["post-178","post","type-post","status-publish","format-standard","hentry","category-pribehy-rodicu"],"acf":[],"_links":{"self":[{"href":"https:\/\/tyden.ranapece.cz\/2025\/wp-json\/wp\/v2\/posts\/178","targetHints":{"allow":["GET"]}}],"collection":[{"href":"https:\/\/tyden.ranapece.cz\/2025\/wp-json\/wp\/v2\/posts"}],"about":[{"href":"https:\/\/tyden.ranapece.cz\/2025\/wp-json\/wp\/v2\/types\/post"}],"author":[{"embeddable":true,"href":"https:\/\/tyden.ranapece.cz\/2025\/wp-json\/wp\/v2\/users\/3"}],"replies":[{"embeddable":true,"href":"https:\/\/tyden.ranapece.cz\/2025\/wp-json\/wp\/v2\/comments?post=178"}],"version-history":[{"count":1,"href":"https:\/\/tyden.ranapece.cz\/2025\/wp-json\/wp\/v2\/posts\/178\/revisions"}],"predecessor-version":[{"id":179,"href":"https:\/\/tyden.ranapece.cz\/2025\/wp-json\/wp\/v2\/posts\/178\/revisions\/179"}],"wp:attachment":[{"href":"https:\/\/tyden.ranapece.cz\/2025\/wp-json\/wp\/v2\/media?parent=178"}],"wp:term":[{"taxonomy":"category","embeddable":true,"href":"https:\/\/tyden.ranapece.cz\/2025\/wp-json\/wp\/v2\/categories?post=178"},{"taxonomy":"post_tag","embeddable":true,"href":"https:\/\/tyden.ranapece.cz\/2025\/wp-json\/wp\/v2\/tags?post=178"}],"curies":[{"name":"wp","href":"https:\/\/api.w.org\/{rel}","templated":true}]}}