{"id":176,"date":"2017-10-19T20:22:44","date_gmt":"2017-10-19T18:22:44","guid":{"rendered":"https:\/\/tyden.ranapece.cz\/2025\/?p=176"},"modified":"2017-10-19T20:22:44","modified_gmt":"2017-10-19T18:22:44","slug":"petrik","status":"publish","type":"post","link":"https:\/\/tyden.ranapece.cz\/2025\/pribehy-rodicu\/petrik\/","title":{"rendered":"Pet\u0159\u00edk"},"content":{"rendered":"<p style=\"text-align: justify;\">Dovolte, abych se pod\u011blila o p\u0159\u00edb\u011bh sv\u00e9ho syna Pet\u0159\u00edka, kter\u00e9mu je nyn\u00ed 7 let.<\/p>\n<p style=\"text-align: justify;\">V\u0161e za\u010dalo standardn\u011b, p\u0159i\u0161el den, kdy se Pet\u0159\u00edkovi u\u017e nel\u00edbilo v b\u0159\u00ed\u0161ku a tak jsme jeli do nemocnice. Byla jsem p\u0159esv\u011bd\u010dena, \u017ee kdy\u017e jsem ve spr\u00e1vn\u00fd \u010das, na spr\u00e1vn\u00e9m m\u00edst\u011b, nemus\u00edm se b\u00e1t\u2026bohu\u017eel jsem m\u011bla sm\u016flu\u2026..<\/p>\n<p style=\"text-align: justify;\">Byl ve\u010der, a i kdy\u017e se synovi ozvy na CTG zhor\u0161ily, porodn\u00edk po\u0159\u00e1d oddaloval c\u00edsa\u0159sk\u00fd \u0159ez, a\u017e mi praskla d\u011bloha. Nakonec musel stejn\u011b c\u00edsa\u0159sk\u00fd \u0159ez prov\u00e9st, mal\u00fd m\u011bl mou krev v plic\u00edch, poda\u0159ilo se ho o\u017eivit a za dv\u011b hodiny let\u011bl vrtuln\u00edkem do Fakultn\u00ed nemocnice v Olomouci. N\u00e1sledky jsou katastrof\u00e1ln\u00ed&#8230;. kvadruspastick\u00e1 DMO, farmak rezistentn\u00ed epilepsie, mikrocefalie, t\u011b\u017ek\u00e1 PMR retardace, zaveden PEG nepolyk\u00e1, chronick\u00e1 bronchitida&#8230;<\/p>\n<p style=\"text-align: justify;\">V nemocnici mi \u0159ekli, \u017ee m\u011bl otok cel\u00e9ho mozku a \u017ee p\u00edt z lahvi\u010dky nebude. M\u011bl \u010dast\u00e9 k\u0159e\u010de<br \/>\na modral&#8230; p\u0159ibyla dal\u0161\u00ed diagn\u00f3za epilepsie. Po t\u0159ech t\u00fddnech mohli Pet\u0159\u00edka p\u0159ev\u00e9zt do kojeneck\u00e9ho \u00fastavu, kde jsem se ho nau\u010dila sondovat a celkov\u011b se postarat. \u0158editel mi dal seznam pom\u016fcek, kter\u00e9 budu pot\u0159ebovat pro dom\u00e1c\u00ed p\u00e9\u010di, i kdy\u017e mi z\u00e1rove\u0148 \u0159ekl, \u017ee on by si takov\u00e9 d\u00edt\u011b dom\u016f nevzal. Do m\u011bs\u00edce se mi nejd\u016fle\u017eit\u011bj\u0161\u00ed pom\u016fcky poda\u0159ilo sehnat, v t\u00e9 dob\u011b je\u0161t\u011b nebyl internet samoz\u0159ejmost\u00ed, tak jsem byla vd\u011b\u010dn\u00e1 za pomoc pan\u00ed ze zdravotn\u00edch pom\u016fcek&#8230;<\/p>\n<p style=\"text-align: justify;\"><a href=\"http:\/\/www.ranapece.cz\/wp-content\/uploads\/sites\/2\/Petrik.jpg\"><img loading=\"lazy\" decoding=\"async\" class=\"aligncenter size-large wp-image-235\" src=\"http:\/\/www.ranapece.cz\/wp-content\/uploads\/sites\/2\/Petrik-678x1024.jpg\" alt=\"petrik\" width=\"678\" height=\"1024\"><\/a><\/p>\n<p style=\"text-align: justify;\">Ve t\u0159ech m\u011bs\u00edc\u00edch jsem m\u011bla Pet\u0159\u00edka kone\u010dn\u011b doma a za\u010dal n\u00e1\u0161 spole\u010dn\u00fd \u017eivot. Mysl\u00edm si, \u017ee nikomu nemus\u00edm popisovat, \u017ee to byl ze za\u010d\u00e1tku docela o\u010distec. P\u0159\u00edtel od n\u00e1s ode\u0161el, proto\u017ee jsem nemohla \u017e\u00edt s \u010dlov\u011bkem, kter\u00fd se za sv\u00e9 d\u00edt\u011b styd\u00ed. Na\u0161t\u011bst\u00ed dcera Lenka u\u017e byla velk\u00e1 a te\u010f u\u017e mi dok\u00e1\u017ee i Pet\u0159\u00edka pohl\u00eddat. M\u011bla jsem informace, \u017ee se d\u00e1 polyk\u00e1n\u00ed nau\u010dit a jak cvi\u010dit Vojtovu metodu&#8230;. ale bohu\u017eel po magnetick\u00e9 resonanci v roce Pet\u0159\u00edka mi spadly r\u016f\u017eov\u00e9 br\u00fdle, \u0159ekli mi, \u017ee P\u00e9\u0165ovi se t\u00edm, \u010d\u00edm pro\u0161el, uzav\u0159ely cesty, kter\u00e9 vy\u017eivuj\u00ed mozek, a ten mu u\u017e neporoste, jen bude zr\u00e1t&#8230;a p\u0159i nespo\u010detn\u00fdch epileptick\u00fdch z\u00e1chvatech za den, kter\u00e9 se neda\u0159\u00ed zvl\u00e1dnout do te\u010f, opravdu nem\u016f\u017eu \u010dekat z\u00e1zraky. Na\u0161t\u011bst\u00ed mal\u00fd aspo\u0148 vid\u00ed a sly\u0161\u00ed, tak jsem vd\u011b\u010dn\u00e1 za ka\u017ed\u00fd \u00fasm\u011bv&#8230;.<\/p>\n<p style=\"text-align: justify;\">Kdy\u017e byly Pet\u0159\u00edkovi \u010dty\u0159i roky, dala mi kamar\u00e1dka kontakt na nov\u00e9 pracovi\u0161t\u011b ran\u00e9 p\u00e9\u010de<br \/>\nv Olomouci, kter\u00e9 tam pr\u00e1v\u011b vzniklo pro d\u011bti s kombinovan\u00fdm posti\u017een\u00edm. Zavolala jsem tam, domluvili jsme si sch\u016fzku, kde n\u00e1s p\u0159\u00edjemn\u011b p\u0159iv\u00edtali, sv\u011b\u0159ili jsme se jim s cel\u00fdm na\u0161im p\u0159\u00edb\u011bhem, pot\u0159ebami a pocity.<\/p>\n<p style=\"text-align: justify;\">Od t\u00e9 doby k n\u00e1m ka\u017ed\u00fd m\u011bs\u00edc za\u010dala jezdit \u00fa\u017easn\u00e1 poradkyn\u011b Lenka (jen tak mimochodem, v\u0161echny pracovnice jsou skv\u011bl\u00e9), kter\u00e1 Pet\u0159\u00edkovi v\u017edy dovezla nov\u00e9 hra\u010dky, zkou\u0161ely jsme, jak na n\u011b bude reagovat a n\u011bkter\u00e9 jsem mal\u00e9mu pak sehnala dom\u016f napo\u0159\u00e1d. V\u017edy jsme se na ni t\u011b\u0161ili, tak trochu se stala sou\u010d\u00e1st\u00ed rodiny, mohla jsem se j\u00ed sv\u011b\u0159it s na\u0161imi probl\u00e9my i radostmi, byla pro n\u00e1s zdrojem inspirac\u00ed a taky n\u00e1s v\u017edy pochv\u00e1lila a povzbudila. Pomohla n\u00e1m s financemi, kdy\u017e jsme \u017e\u00e1dali o pom\u016fcky, kter\u00e9 poji\u0161\u0165ovna nepropl\u00e1c\u00ed. Jak Pet\u0159\u00edka za\u0159adit do \u0161koln\u00ed doch\u00e1zky.<\/p>\n<p style=\"text-align: justify;\">Ran\u00e1 p\u00e9\u010de taky po\u0159\u00e1dala spoustu akc\u00ed, pro na\u0161e nemocn\u00e9 d\u011bti, ne v\u0161ech jsme se mohli z\u00fa\u010dastnit, co\u017e n\u00e1s mrzelo, ale to se ned\u00e1 nic d\u011blat. Je n\u00e1m l\u00edto, \u017ee u\u017e je Pet\u0159\u00edkovi sedm let a mus\u00edme se s Ranou p\u00e9\u010d\u00ed rozlou\u010dit, i kdy\u017e v\u00edme, \u017ee kdy\u017e budeme m\u00edt n\u011bjak\u00fd probl\u00e9m, \u017ee se s n\u00edm st\u00e1le m\u016f\u017eeme na ni obr\u00e1tit, a \u017ee n\u00e1m i tak aspo\u0148 radou, \u010di kontakty r\u00e1da pom\u016f\u017ee.<\/p>\n<p style=\"text-align: justify;\">Z\u00e1rove\u0148 je mi l\u00edto, \u017ee pro d\u011bti s kombinovan\u00fdm posti\u017een\u00edm Ran\u00e1 p\u00e9\u010de v Olomouci neexistovala<br \/>\nv dob\u011b, kdy se Pet\u0159\u00edk narodil, ur\u010dit\u011b by na\u0161e za\u010d\u00e1tky byly mnohem jednodu\u0161\u0161\u00ed.<strong>&nbsp;R<\/strong>an\u00e9 p\u00e9\u010di chceme moc pod\u011bkovat za to, co pro nemocn\u00e9 d\u011bti a jejich rodi\u010de d\u011blaj\u00ed, jste v\u00e1\u017en\u011b skv\u011bl\u00ed a moc n\u00e1m pom\u00e1h\u00e1te!<\/p>\n<p style=\"text-align: justify;\"><strong>Va\u0148kovi<\/strong><\/p>\n","protected":false},"excerpt":{"rendered":"<p>Dovolte, abych se pod\u011blila o p\u0159\u00edb\u011bh sv\u00e9ho syna Pet\u0159\u00edka, kter\u00e9mu je nyn\u00ed 7 let. V\u0161e za\u010dalo standardn\u011b, p\u0159i\u0161el den, kdy se Pet\u0159\u00edkovi u\u017e nel\u00edbilo v b\u0159\u00ed\u0161ku a tak jsme jeli do nemocnice. Byla jsem p\u0159esv\u011bd\u010dena, \u017ee kdy\u017e jsem ve spr\u00e1vn\u00fd \u010das, na spr\u00e1vn\u00e9m m\u00edst\u011b, nemus\u00edm se b\u00e1t\u2026bohu\u017eel jsem m\u011bla sm\u016flu\u2026.. Byl ve\u010der, a i kdy\u017e [&hellip;]<\/p>\n","protected":false},"author":3,"featured_media":0,"comment_status":"closed","ping_status":"closed","sticky":false,"template":"","format":"standard","meta":{"footnotes":""},"categories":[6],"tags":[],"class_list":["post-176","post","type-post","status-publish","format-standard","hentry","category-pribehy-rodicu"],"acf":[],"_links":{"self":[{"href":"https:\/\/tyden.ranapece.cz\/2025\/wp-json\/wp\/v2\/posts\/176","targetHints":{"allow":["GET"]}}],"collection":[{"href":"https:\/\/tyden.ranapece.cz\/2025\/wp-json\/wp\/v2\/posts"}],"about":[{"href":"https:\/\/tyden.ranapece.cz\/2025\/wp-json\/wp\/v2\/types\/post"}],"author":[{"embeddable":true,"href":"https:\/\/tyden.ranapece.cz\/2025\/wp-json\/wp\/v2\/users\/3"}],"replies":[{"embeddable":true,"href":"https:\/\/tyden.ranapece.cz\/2025\/wp-json\/wp\/v2\/comments?post=176"}],"version-history":[{"count":1,"href":"https:\/\/tyden.ranapece.cz\/2025\/wp-json\/wp\/v2\/posts\/176\/revisions"}],"predecessor-version":[{"id":177,"href":"https:\/\/tyden.ranapece.cz\/2025\/wp-json\/wp\/v2\/posts\/176\/revisions\/177"}],"wp:attachment":[{"href":"https:\/\/tyden.ranapece.cz\/2025\/wp-json\/wp\/v2\/media?parent=176"}],"wp:term":[{"taxonomy":"category","embeddable":true,"href":"https:\/\/tyden.ranapece.cz\/2025\/wp-json\/wp\/v2\/categories?post=176"},{"taxonomy":"post_tag","embeddable":true,"href":"https:\/\/tyden.ranapece.cz\/2025\/wp-json\/wp\/v2\/tags?post=176"}],"curies":[{"name":"wp","href":"https:\/\/api.w.org\/{rel}","templated":true}]}}