{"id":172,"date":"2017-10-19T20:22:08","date_gmt":"2017-10-19T18:22:08","guid":{"rendered":"https:\/\/tyden.ranapece.cz\/2025\/?p=172"},"modified":"2017-10-19T20:22:08","modified_gmt":"2017-10-19T18:22:08","slug":"slezacata","status":"publish","type":"post","link":"https:\/\/tyden.ranapece.cz\/2025\/pribehy-rodicu\/slezacata\/","title":{"rendered":"Slez\u00e1\u010data"},"content":{"rendered":"<p style=\"text-align: justify;\">Do\u010dkali jsme se!!! Byla ned\u011ble 3. 6. 2012, Kl\u00e1rinka se vyspinkala do r\u016f\u017eova, a tak jsme v pohod\u011b mohli vyrazit na t\u00fddenn\u00ed pobyt s ranou p\u00e9\u010d\u00ed. V odpoledn\u00edch hodin\u00e1ch jsme dorazili na m\u00edsto \u2013 do hotelu Svratka ve Svratce. Sotva jsme se vybalili, u\u017e pomalinku za\u010d\u00ednal t\u00fdden, kdy ka\u017ed\u00e1 jeho hodina, i minuta, i vte\u0159ina byly vypln\u011bny programem.<\/p>\n<p style=\"text-align: justify;\">Vznikly \u010dty\u0159i skupinky, kdy v ka\u017ed\u00e9 byly \u010dty\u0159i rodiny se sv\u00fdmi d\u011bti\u010dkami. Na\u0161e Kl\u00e1rinka byla ve skupince jedin\u00e1 hol\u010di\u010dka a velmi dob\u0159e to spole\u010dn\u011b dola\u010fovala s K\u00e1jou, Luk\u00e1\u0161kem a Mare\u010dkem. Cel\u00fdm t\u00fddnem n\u00e1s prov\u00e1zela teta Petra ze St\u0159ediska ran\u00e9 p\u00e9\u010de v Olomouci a teta Tereza ze St\u0159ediska ran\u00e9 p\u00e9\u010de v Ostrav\u011b. Ka\u017ed\u00e9 dopoledne byla v na\u0161\u00ed skupince spole\u010dn\u011b prob\u00edr\u00e1na nejr\u016fzn\u011bj\u0161\u00ed t\u00e9mata, kdy pro n\u00e1s ka\u017ed\u00e9 bylo obrovsk\u00fdm p\u0159\u00ednosem. Spole\u010dn\u011b jsme diskutovali o t\u00e9matech baz\u00e1ln\u00ed stimulace (s n\u00e1zorn\u00fdmi uk\u00e1zkami), komunikace (pr\u00e1ce s komunik\u00e1tory spole\u010dn\u011b s na\u0161imi d\u011btmi), ergoterapie (hra hlavn\u011b s p\u0159\u00edrodn\u00edmi materi\u00e1ly \u2013 listy, jehli\u010d\u00ed, \u0161i\u0161ky, &#8230;). Vyzkou\u0161eli jsme si pr\u00e1ci s vibracemi a vibra\u010dn\u00edmi pom\u016fckami, podebatovali si o sv\u00fdch probl\u00e9mech a peripeti\u00edch a poslechli si, jak jsou a byly na tom druh\u00e9 rodiny. A za na\u0161i rodinku mus\u00edm \u0159\u00edct, \u017ee moc r\u00e1di. Mohli jsme si vyzkou\u0161et, co na\u0161e d\u011bti\u010dky vid\u00ed nebo nevid\u00ed, sly\u0161\u00ed nebo nesly\u0161\u00ed, respektive jak\u00e9 to je, kdy\u017e nevid\u00edte nic a mus\u00edte spol\u00e9hat jen na sebe, p\u0159\u00edpadn\u011b Va\u0161eho bl\u00edzk\u00e9ho \u010dlov\u011bka. Ke ka\u017ed\u00e9mu t\u00e9matu n\u00e1m tety daly k dispozici i materi\u00e1ly pro pozd\u011bj\u0161\u00ed prostudov\u00e1n\u00ed si. Po dopoledn\u00edch skupink\u00e1ch a sourozeneck\u00e9 skupin\u011b, kter\u00e1 prob\u00edhala sou\u010dasn\u011b s tou na\u0161\u00ed, n\u00e1sledoval ob\u00eddek. Abych se vr\u00e1tila k sourozeneck\u00e9 skupin\u011b, tak my ji zat\u00edm nevyu\u017eili, proto\u017ee m\u00e1me jen Kl\u00e1rinku. Ale ostatn\u00ed d\u011bti\u010dky, kter\u00e9 m\u011bly mlad\u0161\u00ed nebo star\u0161\u00ed sourozence, mohly tr\u00e1vit dopoledne r\u016fzn\u00fdm malov\u00e1n\u00edm a vyr\u00e1b\u011bn\u00edm v\u0161eho mo\u017en\u00e9ho s tetami dobrovolnicemi. Po ob\u00eddku n\u00e1sledovala siesta \u2013 odpo\u010dinek nebo proch\u00e1zka. A pak u\u017e byl odpoledn\u00ed program pro rodi\u010de i d\u011bti\u010dky. My se postupn\u011b z\u00fa\u010dastnili plav\u00e1n\u00ed, canisterapie, muzikoterapie s tetou Vendulou a tetou Evou a poh\u00e1dkov\u00e9ho lesa s v\u00fdpravou na z\u00e1mek Karl\u0161tejn. D\u00e1le n\u00e1sledovala ve\u010de\u0159e a po usp\u00e1n\u00ed d\u011bti\u010dek program pro rodi\u010de. Z na\u0161\u00ed strany byl vyu\u017eit v pln\u00e9m rozsahu. J\u00e1 &#8211; maminka jsem byla na aquaaerobiku, na zumb\u011b, na mas\u00e1\u017ei. Vyzkou\u0161eli jsme si Xbox a nakonec jsme si t\u00e9m\u011b\u0159 ka\u017ed\u00fd ve\u010der dlouho pov\u00eddali s ostatn\u00edmi. Kl\u00e1rinka spala cel\u00e9 noci, proto\u017ee m\u011bla tolik z\u00e1\u017eitk\u016f, kter\u00e9 \u201emusela\u201c vst\u0159ebat. Tak\u017ee par\u00e1da!!!<\/p>\n<p style=\"text-align: justify;\">Ani jsme se nenad\u00e1li a byl den odjezdu, sobota 9. 6. 2012 \u2026 ach j\u00f3\u00f3\u00f3!!! Byl to opravdu \u00fa\u017easn\u00fd t\u00fdden, i kdy\u017e po\u010das\u00ed\u010dku se moc necht\u011blo*;-) Dozv\u011bd\u011bli jsme se maximum nov\u00fdch v\u011bc\u00ed, Kl\u00e1rinka byla ve spole\u010dnosti \u0161\u0165astn\u00e1 a my si to moc u\u017eili!!! Moc d\u011bkujeme, \u017ee jsme tento t\u00fdden mohli absolvovat. Poznali jsme spoustu nov\u00fdch lidi\u010dek, teti\u010dek a d\u011bti\u010dek, bylo to opravdu skv\u011bl\u00e9!!!<\/p>\n<p style=\"text-align: justify;\">A pokud jsme na n\u011bco zapomn\u011bli, moc se omlouv\u00e1me. Ale bylo toho tolik \u2013 informac\u00ed, praktick\u00fdch uk\u00e1zek, spousta nov\u00fdch lidi\u010dek, \u017ee bychom se nedivili*;-)<\/p>\n<p style=\"text-align: justify;\">Slez\u00e1\u010data<\/p>\n<p style=\"text-align: justify;\">Klienti SRP Olomouc<\/p>\n","protected":false},"excerpt":{"rendered":"<p>Do\u010dkali jsme se!!! Byla ned\u011ble 3. 6. 2012, Kl\u00e1rinka se vyspinkala do r\u016f\u017eova, a tak jsme v pohod\u011b mohli vyrazit na t\u00fddenn\u00ed pobyt s ranou p\u00e9\u010d\u00ed. V odpoledn\u00edch hodin\u00e1ch jsme dorazili na m\u00edsto \u2013 do hotelu Svratka ve Svratce. Sotva jsme se vybalili, u\u017e pomalinku za\u010d\u00ednal t\u00fdden, kdy ka\u017ed\u00e1 jeho hodina, i minuta, i vte\u0159ina [&hellip;]<\/p>\n","protected":false},"author":3,"featured_media":0,"comment_status":"closed","ping_status":"closed","sticky":false,"template":"","format":"standard","meta":{"footnotes":""},"categories":[6],"tags":[],"class_list":["post-172","post","type-post","status-publish","format-standard","hentry","category-pribehy-rodicu"],"acf":[],"_links":{"self":[{"href":"https:\/\/tyden.ranapece.cz\/2025\/wp-json\/wp\/v2\/posts\/172","targetHints":{"allow":["GET"]}}],"collection":[{"href":"https:\/\/tyden.ranapece.cz\/2025\/wp-json\/wp\/v2\/posts"}],"about":[{"href":"https:\/\/tyden.ranapece.cz\/2025\/wp-json\/wp\/v2\/types\/post"}],"author":[{"embeddable":true,"href":"https:\/\/tyden.ranapece.cz\/2025\/wp-json\/wp\/v2\/users\/3"}],"replies":[{"embeddable":true,"href":"https:\/\/tyden.ranapece.cz\/2025\/wp-json\/wp\/v2\/comments?post=172"}],"version-history":[{"count":1,"href":"https:\/\/tyden.ranapece.cz\/2025\/wp-json\/wp\/v2\/posts\/172\/revisions"}],"predecessor-version":[{"id":173,"href":"https:\/\/tyden.ranapece.cz\/2025\/wp-json\/wp\/v2\/posts\/172\/revisions\/173"}],"wp:attachment":[{"href":"https:\/\/tyden.ranapece.cz\/2025\/wp-json\/wp\/v2\/media?parent=172"}],"wp:term":[{"taxonomy":"category","embeddable":true,"href":"https:\/\/tyden.ranapece.cz\/2025\/wp-json\/wp\/v2\/categories?post=172"},{"taxonomy":"post_tag","embeddable":true,"href":"https:\/\/tyden.ranapece.cz\/2025\/wp-json\/wp\/v2\/tags?post=172"}],"curies":[{"name":"wp","href":"https:\/\/api.w.org\/{rel}","templated":true}]}}