{"id":168,"date":"2017-10-19T20:21:27","date_gmt":"2017-10-19T18:21:27","guid":{"rendered":"https:\/\/tyden.ranapece.cz\/2025\/?p=168"},"modified":"2017-10-19T20:21:27","modified_gmt":"2017-10-19T18:21:27","slug":"ale","status":"publish","type":"post","link":"https:\/\/tyden.ranapece.cz\/2025\/pribehy-rodicu\/ale\/","title":{"rendered":"Ale&#8230;&#8230;."},"content":{"rendered":"<p style=\"text-align: justify;\">N\u00e1\u0161 p\u0159\u00edb\u011bh za\u010dal v roce 2004 druh\u00fdm \u00fasp\u011b\u0161n\u00fdm pokusem o IVF(um\u011bl\u00fdm oplodn\u011bn\u00edm vaj\u00ed\u010dek mimo t\u011blo matky) a zji\u0161t\u011bn\u00edm, \u017ee \u010dek\u00e1me dvoj\u010d\u00e1tka.<\/p>\n<p style=\"text-align: justify;\">P\u0159\u00edb\u011bh v dne\u0161n\u00ed dob\u011b celkem b\u011b\u017en\u00fd jak u\u017e to b\u00fdv\u00e1 p\u0159i\u0161lo to pov\u011bstn\u00e9, bohu\u017eel prvn\u00ed ALE\u2026<\/p>\n<p style=\"text-align: justify;\">Nedokon\u010den\u00fd 26. t\u00fdden , masivn\u00ed odtok plodov\u00e9 vody a nepl\u00e1novan\u00fd porod ukon\u010dil t\u011bhotenstv\u00ed a p\u0159i\u0161li na sv\u011bt na\u0161i dva uzl\u00ed\u010d\u010di.<\/p>\n<p style=\"text-align: justify;\">Dcerka Nikol 730g a 33cm, syn Roman 710g a 31cm jejich domovem se st\u00e1v\u00e1 d\u011btsk\u00e1 JIP ve Zl\u00ednsk\u00e9 nemocnici a h\u0159ej\u00edc\u00ed n\u00e1ru\u010d\u00ed inkub\u00e1tory\u2026nadlouho. D\u011bti jsou krmeny sondou Rom\u00e1nek bohu\u017eel potravu nep\u0159ij\u00edm\u00e1 a po mnoha vy\u0161et\u0159en\u00edch je zji\u0161t\u011bno, \u017ee m\u00e1 nepr\u016fchodn\u00e9 st\u0159evo a operace je nevyhnuteln\u00e1. \u010ctrn\u00e1ct\u00fd den jeho \u017eivota je p\u0159evezen do DN Brno a operov\u00e1n. Pozd\u011bji ho n\u00e1sleduje do DN Brno kv\u016fli st\u00edsn\u011bn\u00fdm podm\u00ednk\u00e1m ve Zl\u00ednsk\u00e9 nemocnici i jeho sest\u0159i\u010dka Nikol.<\/p>\n<p style=\"text-align: justify;\">Bohu\u017eel po dvou m\u011bs\u00edc\u00edch n\u00e1m bylo s definitivn\u00ed platnost\u00ed ozn\u00e1meno, \u017ee se na Rom\u00e1nkovi podepsala jeho nezralost a pobyt v inkub\u00e1toru a bude nevidom\u00fd le\u017e\u00e1k. N\u00e1sledovala je\u0161t\u011b dal\u0161\u00ed operace k\u00fdly.<\/p>\n<p style=\"text-align: justify;\"><a href=\"http:\/\/www.ranapece.cz\/wp-content\/uploads\/sites\/2\/cpRp_4.jpg\"><img loading=\"lazy\" decoding=\"async\" class=\"aligncenter size-large wp-image-248\" src=\"http:\/\/www.ranapece.cz\/wp-content\/uploads\/sites\/2\/cpRp_4-1024x768.jpg\" alt=\"cprp_4\" width=\"880\" height=\"660\"><\/a><\/p>\n<p style=\"text-align: justify;\">T\u00fdden p\u0159ed pl\u00e1novan\u00fdm odchodem Nikolky z nemocnice, kter\u00e1 na tom je l\u00e9pe ne\u017e Rom\u00e1nek, nastupuje m\u00e1ma Petra do nemocnice jako doprovod. Byl by to kr\u00e1sn\u00fd t\u00fdden ALE\u2026<\/p>\n<p style=\"text-align: justify;\">Nikolka dost\u00e1v\u00e1 infek\u010dn\u00ed onemocn\u011bn\u00ed d\u00fdchac\u00edch cest a po t\u0159\u00eddenn\u00edm z\u00e1pase o \u017eivot p\u0159ed na\u0161ima o\u010dima um\u00edr\u00e1&#8230;<\/p>\n<p style=\"text-align: justify;\">Po pro\u017eit\u00e9m \u0161oku jsme se je\u0161t\u011b pevn\u011bji upnuli na Rom\u00e1nka. V t\u00e9to dob\u011b se dozv\u00edd\u00e1me od l\u00e9ka\u0159\u016f o organizaci Rann\u00e1 p\u00e9\u010de, kter\u00e1 se zab\u00fdv\u00e1 se podporou v\u00fdvoje d\u00edt\u011bte se zdravotn\u00edm posti\u017een\u00edm a podporou jeho rodiny, tehdy jsme je\u0161t\u011b nev\u011bd\u011bli v \u010dem n\u00e1m m\u016f\u017ee tato organizace pomoci.<\/p>\n<p style=\"text-align: justify;\">Rom\u00e1nka jsme si dom\u016f odvezli v p\u011bti m\u011bs\u00edc\u00edch s \u00factyhodnou v\u00e1hou 2,4kg. Zrovna v dob\u011b kdy se dozv\u00edd\u00e1me, \u017ee je Petra t\u011bhotn\u00e1 v\u0161em sv\u00fdm diagn\u00f3z\u00e1m navzdory, norm\u00e1ln\u00ed cestou.<\/p>\n<p style=\"text-align: justify;\"><a href=\"http:\/\/www.ranapece.cz\/wp-content\/uploads\/sites\/2\/cpRp_3.jpg\"><img loading=\"lazy\" decoding=\"async\" class=\"aligncenter size-large wp-image-247\" src=\"http:\/\/www.ranapece.cz\/wp-content\/uploads\/sites\/2\/cpRp_3-739x1024.jpg\" alt=\"cprp_3\" width=\"739\" height=\"1024\"><\/a><\/p>\n<p style=\"text-align: justify;\">Pracovn\u00edci Rann\u00e9 p\u00e9\u010de n\u00e1m na\u0161t\u011bst\u00ed hlavn\u011b v t\u011bchto prvn\u00edch dnech poradili co a jak je nutn\u00e9 za\u0159\u00eddit na \u00fa\u0159adech, sezn\u00e1mili n\u00e1s pot\u0159ebami posti\u017een\u00fdch d\u011bt\u00ed a za\u010dali n\u00e1m p\u016fj\u010dovat hra\u010dky a pom\u016fcky ur\u010den\u00e9 p\u0159\u00edmo t\u011bmto d\u011btem.<\/p>\n<p style=\"text-align: justify;\">Rom\u00e1nek m\u011bl obrovsk\u00e9 probl\u00e9my s j\u00eddlem v\u0161echno co vypil tak vyzvracel, proto musel dost\u00e1vat speci\u00e1ln\u00ed ml\u00e9ko. Ihned na to za\u010dal m\u00edt probl\u00e9my se span\u00edm. N\u00e1sledovalo vy\u0161et\u0159en\u00ed na EEG kter\u00e9 prok\u00e1zalo, \u017ee Rom\u00e1nek trp\u00ed epilepsi\u00ed. Neurolog mu p\u0159edepsal kombinaci t\u0159ech l\u00e9k\u016f proti t\u00e9to z\u00e1ke\u0159n\u00e9 nemoci a z\u00e1rove\u0148 jsme s l\u00e9ka\u0159i zkou\u0161eli r\u016fzn\u00e9 l\u00e9ky na span\u00ed.<\/p>\n<p style=\"text-align: justify;\">Diagnosa \u201esyndrom kr\u00e1tk\u00e9ho sp\u00e1nku\u201c se v tu dobu nevztahovala jenom na Rom\u00e1nka, ale i na v\u0161echny \u010dleny na\u0161\u00ed dom\u00e1cnosti do kter\u00e9 p\u0159ibyla na\u0161t\u011bst\u00ed zcela zdrav\u00e1 dcerka Julie. Bylo to pro n\u00e1s opravdu velmi n\u00e1ro\u010dn\u00e9 Rom\u00e1nek v noci nesp\u00e1val a k tomu p\u0159ibyla je\u0161t\u011b starost o v\u011b\u010dn\u011b hladovou Julinku.<\/p>\n<p style=\"text-align: justify;\">Teprve kdy\u017e m\u011bl 4,5 roku n\u00e1m neurolo\u017eka ozn\u00e1mila, \u017ee se u n\u00e1s objevil nov\u00fd l\u00e9k pro nespavost na p\u0159\u00edrodn\u00ed b\u00e1zi. Prvn\u00ed t\u00fdden m\u011bl br\u00e1t \u010dtvrt tablety ve\u010der kolem osm\u00e9 hodiny ve\u010dern\u00ed l\u00e9k zat\u00edm nezab\u00edral. Po t\u00fddnu jsme na doporu\u010den\u00ed neurolo\u017eky zv\u00fd\u0161ili d\u00e1vku na p\u016fl tablety a l\u00e9k zabral!<\/p>\n<p style=\"text-align: justify;\"><a href=\"http:\/\/www.ranapece.cz\/wp-content\/uploads\/sites\/2\/cpRp_2.jpg\"><img loading=\"lazy\" decoding=\"async\" class=\"aligncenter size-large wp-image-246\" src=\"http:\/\/www.ranapece.cz\/wp-content\/uploads\/sites\/2\/cpRp_2-1024x768.jpg\" alt=\"cprp_2\" width=\"880\" height=\"660\"><\/a><\/p>\n<p style=\"text-align: justify;\">Rom\u00e1nek za\u010dal us\u00ednat kolem dev\u00e1t\u00e9 ve\u010der a vst\u00e1vat v sedm r\u00e1no. Po dlouh\u00e9 dob\u011b jsme my i Rom\u00e1nek byli vyspan\u00ed a odpo\u010dat\u00ed tak\u017ee jsme se mu za\u010dali v\u00edce a naplno v\u011bnovat.<\/p>\n<p style=\"text-align: justify;\">Rom\u00e1nek za\u010dal v\u00edce \u017evatlat, vn\u00edmat hru se speci\u00e1ln\u00edmi pom\u016fckami a hra\u010dkami p\u016fj\u010dovan\u00e9 z Rann\u00e9 p\u00e9\u010de. Za\u010dali jsme d\u011blat aktivity o kter\u00fdch se n\u00e1m d\u0159\u00edve ani nesnilo-pravideln\u00e9 nav\u0161t\u011bvov\u00e1n\u00ed speci\u00e1ln\u00ed mate\u0159sk\u00e9 \u0161kolky,plav\u00e1n\u00ed, j\u00edzda na kole s d\u011btmi ve voz\u00edku za kolo, v\u00fdlety a mnoho dal\u0161\u00edho.<\/p>\n<p style=\"text-align: justify;\">V roce 2010 se stalo n\u011bco neuv\u011b\u0159iteln\u00e9ho: i druh\u00fd t\u011bhotensk\u00fd test potvrzuje n\u00e1zor prvn\u00edho a dokl\u00e1d\u00e1 to sv\u00fdmi dv\u011bma r\u016f\u017eov\u00fdmi \u010d\u00e1rkami, \u017ee Petra je t\u011bhotn\u00e1!!!<\/p>\n<p style=\"text-align: justify;\"><a href=\"http:\/\/www.ranapece.cz\/wp-content\/uploads\/sites\/2\/cpRp_1.jpg\"><img loading=\"lazy\" decoding=\"async\" class=\"aligncenter size-large wp-image-245\" src=\"http:\/\/www.ranapece.cz\/wp-content\/uploads\/sites\/2\/cpRp_1-1024x768.jpg\" alt=\"cprp_1\" width=\"880\" height=\"660\"><\/a><\/p>\n<p style=\"text-align: justify;\">V \u00fanoru 2011 se n\u00e1m narodila Just\u00fdnka. Zdrav\u00e1 dnes t\u00e9m\u011b\u0159 t\u0159\u00edlet\u00e1 nezbednice. Kdo to neza\u017eil neuv\u011b\u0159\u00ed&#8230;<\/p>\n<p style=\"text-align: justify;\">S ohledem na Rom\u00e1nkovo kombinovan\u00e9 posti\u017een\u00ed se dnes sna\u017e\u00edme \u017e\u00edt norm\u00e1ln\u00edm \u017eivotem za vydatn\u00e9 pomoci na\u0161ich babi\u010dek, d\u011bd\u016f, l\u00e9ka\u0159\u016f a do jeho \u0161esti let tak\u00e9 za pomoci spole\u010dnosti Rann\u00e9 p\u00e9\u010de.<\/p>\n<p style=\"text-align: justify;\">Petra a Roman \u0160avarovi<\/p>\n","protected":false},"excerpt":{"rendered":"<p>N\u00e1\u0161 p\u0159\u00edb\u011bh za\u010dal v roce 2004 druh\u00fdm \u00fasp\u011b\u0161n\u00fdm pokusem o IVF(um\u011bl\u00fdm oplodn\u011bn\u00edm vaj\u00ed\u010dek mimo t\u011blo matky) a zji\u0161t\u011bn\u00edm, \u017ee \u010dek\u00e1me dvoj\u010d\u00e1tka. P\u0159\u00edb\u011bh v dne\u0161n\u00ed dob\u011b celkem b\u011b\u017en\u00fd jak u\u017e to b\u00fdv\u00e1 p\u0159i\u0161lo to pov\u011bstn\u00e9, bohu\u017eel prvn\u00ed ALE\u2026 Nedokon\u010den\u00fd 26. t\u00fdden , masivn\u00ed odtok plodov\u00e9 vody a nepl\u00e1novan\u00fd porod ukon\u010dil t\u011bhotenstv\u00ed a p\u0159i\u0161li na sv\u011bt na\u0161i [&hellip;]<\/p>\n","protected":false},"author":3,"featured_media":0,"comment_status":"closed","ping_status":"closed","sticky":false,"template":"","format":"standard","meta":{"footnotes":""},"categories":[6],"tags":[],"class_list":["post-168","post","type-post","status-publish","format-standard","hentry","category-pribehy-rodicu"],"acf":[],"_links":{"self":[{"href":"https:\/\/tyden.ranapece.cz\/2025\/wp-json\/wp\/v2\/posts\/168","targetHints":{"allow":["GET"]}}],"collection":[{"href":"https:\/\/tyden.ranapece.cz\/2025\/wp-json\/wp\/v2\/posts"}],"about":[{"href":"https:\/\/tyden.ranapece.cz\/2025\/wp-json\/wp\/v2\/types\/post"}],"author":[{"embeddable":true,"href":"https:\/\/tyden.ranapece.cz\/2025\/wp-json\/wp\/v2\/users\/3"}],"replies":[{"embeddable":true,"href":"https:\/\/tyden.ranapece.cz\/2025\/wp-json\/wp\/v2\/comments?post=168"}],"version-history":[{"count":1,"href":"https:\/\/tyden.ranapece.cz\/2025\/wp-json\/wp\/v2\/posts\/168\/revisions"}],"predecessor-version":[{"id":169,"href":"https:\/\/tyden.ranapece.cz\/2025\/wp-json\/wp\/v2\/posts\/168\/revisions\/169"}],"wp:attachment":[{"href":"https:\/\/tyden.ranapece.cz\/2025\/wp-json\/wp\/v2\/media?parent=168"}],"wp:term":[{"taxonomy":"category","embeddable":true,"href":"https:\/\/tyden.ranapece.cz\/2025\/wp-json\/wp\/v2\/categories?post=168"},{"taxonomy":"post_tag","embeddable":true,"href":"https:\/\/tyden.ranapece.cz\/2025\/wp-json\/wp\/v2\/tags?post=168"}],"curies":[{"name":"wp","href":"https:\/\/api.w.org\/{rel}","templated":true}]}}