{"id":166,"date":"2017-10-19T20:21:09","date_gmt":"2017-10-19T18:21:09","guid":{"rendered":"https:\/\/tyden.ranapece.cz\/2025\/?p=166"},"modified":"2017-10-19T20:21:09","modified_gmt":"2017-10-19T18:21:09","slug":"radomir-a-ivana-kucerovi-ze-zlina","status":"publish","type":"post","link":"https:\/\/tyden.ranapece.cz\/2025\/pribehy-rodicu\/radomir-a-ivana-kucerovi-ze-zlina\/","title":{"rendered":"Radom\u00edr a Ivana Ku\u010derovi ze Zl\u00edna"},"content":{"rendered":"<p style=\"text-align: justify;\">Cht\u011bl bych V\u00e1m pov\u011bd\u011bt kr\u00e1tk\u00fd p\u0159\u00edb\u011bh o n\u00e1s, na\u0161em vnukovi a o tom, jak jsme se dostali do p\u00e9\u010de a sledov\u00e1n\u00ed Spole\u010dnosti pro ranou p\u00e9\u010di v Olomouci.<\/p>\n<p style=\"text-align: justify;\">V\u0161e zapo\u010dalo asi takhle. Na\u0161\u00ed nejmlad\u0161\u00ed dce\u0159i se v \u0159\u00edjnu 2008 narodilo d\u00edt\u011b, chlapec Sebasti\u00e1n. V\u0161ichni jsme se na tento okam\u017eik t\u011b\u0161ili a p\u0159ipravili jsme pro n\u011bj a pro maminku pokoj\u00edk , post\u00fdlku a spoustu drobnost\u00ed, kter\u00e9 se b\u011b\u017en\u011b po\u0159izuj\u00ed. Po narozen\u00ed d\u00edt\u011bte v\u0161e prob\u00edhalo tak, jak si to dcera \u2013 maminka p\u0159edstavovala. Vzorn\u011b pe\u010dovala o d\u00edt\u011b, kupovala mu hra\u010dky a p\u0159est\u011bhovala se do pokoj\u00edku, kter\u00fd jsme j\u00ed p\u0159ipravili v na\u0161em RD. Asi tak v obdob\u00ed V\u00e1noc jsme si s man\u017eelkou v\u0161imli, \u017ee n\u00e1\u0161 vnou\u010dek nereaguje tak, jak jsme byli zvykl\u00ed u na\u0161ich star\u0161\u00edch d\u011bt\u00ed a vnou\u010dat. Zejm\u00e9na \u0161lo o reakci na sv\u011btlo. Ihned jsme zajistili odborn\u00e1 vy\u0161et\u0159en\u00ed na o\u010dn\u00edm odd\u011blen\u00ed v nemocnici ve Zl\u00edn\u011b a tak\u00e9 na speci\u00e1ln\u00ed o\u010dn\u00ed klinice ve Zl\u00edn\u011b. Na z\u00e1klad\u011b v\u00fdsledk\u016f vy\u0161et\u0159en\u00ed jsme po\u017e\u00e1dali odbornou neurologickou l\u00e9ka\u0159ku k objedn\u00e1n\u00ed na d\u011btskou kliniku v Olomouci na celkov\u00e9 vy\u0161et\u0159en\u00ed vnuka na magnetick\u00e9 rezonanci. P\u0159i vy\u0161et\u0159en\u00ed, kter\u00e9 se uskute\u010dnilo cca za dal\u0161\u00ed 3 m\u011bs\u00edce ji\u017e byly jednozna\u010dn\u011b prok\u00e1z\u00e1ny v\u00fdvojov\u00e9 vady na\u0161eho vnuka a to jak pohybov\u00e9, tak i vady zraku.<\/p>\n<p style=\"text-align: justify;\">&nbsp;<a href=\"http:\/\/www.ranapece.cz\/wp-content\/uploads\/sites\/2\/kucerovi01.jpg\"><img loading=\"lazy\" decoding=\"async\" class=\"aligncenter size-full wp-image-242\" src=\"http:\/\/www.ranapece.cz\/wp-content\/uploads\/sites\/2\/kucerovi01.jpg\" alt=\"kucerovi01\" width=\"640\" height=\"480\"><\/a><\/p>\n<p style=\"text-align: justify;\">Na z\u00e1klad\u011b doporu\u010den\u00ed odborn\u00e9 l\u00e9ka\u0159ky jsme se kontaktovali na Spole\u010dnost pro ranou p\u00e9\u010di v Olomouci, kde prob\u011bhla n\u011bkter\u00e1 dal\u0161\u00ed vy\u0161et\u0159en\u00ed a vnuk Sebastian byl za\u010dlen\u011bn do programu p\u00e9\u010de o d\u011bti s v\u00fdvojovou vadou. Od t\u00e9to doby prob\u00edh\u00e1 spolupr\u00e1ce na velmi dobr\u00e9 \u00farovni, jsme ve st\u00e1l\u00e9m kontaktu a dost\u00e1v\u00e1me spousty informac\u00ed a rad, jak rozv\u00edjet smysly na\u0161eho vnuka.<\/p>\n<p style=\"text-align: justify;\">Dcera t\u00edhu zdravotn\u00edho stavu d\u00edt\u011bte neunesla, t\u00e9m\u011b\u0159 se zhroutila a nebyla schopna se o d\u00edt\u011b starat, otec se do t\u00e9 doby o d\u00edt\u011b v\u016fbec nezaj\u00edmal. Proto jsme se dohodli a po\u017e\u00e1dali o sv\u011b\u0159en\u00ed Sebasti\u00e1na do p\u00e9\u010de. P\u0159ehodnotili jsme cel\u00fd n\u00e1\u0161 aktivn\u00ed \u017eivot a ve spolupr\u00e1ci s pracovnic\u00ed ran\u00e9 p\u00e9\u010de p\u00ed. H\u00e1lkovou, tak i s odborn\u00fdmi l\u00e9ka\u0159i vytv\u00e1\u0159\u00edme mal\u00e9mu, dnes ji\u017e 2 let\u00e9mu vnukovi ty nejlep\u0161\u00ed mo\u017en\u00e9 podm\u00ednky k jeho rozvoji pro n\u00e1sledn\u00fd \u017eivot.<\/p>\n<p style=\"text-align: justify;\">T\u00edmto bych cht\u011bl pod\u011bkovat v\u0161em, kte\u0159\u00ed n\u00e1m pom\u00e1haj\u00ed, rad\u00ed a poskytuj\u00ed jakoukoli i informativn\u00ed pomoc a to zejm\u00e9na pan\u00ed H\u00e1lkov\u00e9, nebo\u0165 bez t\u00e9to pomoci bychom se t\u011b\u017eko mohli obej\u00edt.<\/p>\n<p style=\"text-align: justify;\">Radom\u00edr a Ivana Ku\u010derovi ze Zl\u00edna.<\/p>\n","protected":false},"excerpt":{"rendered":"<p>Cht\u011bl bych V\u00e1m pov\u011bd\u011bt kr\u00e1tk\u00fd p\u0159\u00edb\u011bh o n\u00e1s, na\u0161em vnukovi a o tom, jak jsme se dostali do p\u00e9\u010de a sledov\u00e1n\u00ed Spole\u010dnosti pro ranou p\u00e9\u010di v Olomouci. V\u0161e zapo\u010dalo asi takhle. Na\u0161\u00ed nejmlad\u0161\u00ed dce\u0159i se v \u0159\u00edjnu 2008 narodilo d\u00edt\u011b, chlapec Sebasti\u00e1n. V\u0161ichni jsme se na tento okam\u017eik t\u011b\u0161ili a p\u0159ipravili jsme pro n\u011bj a [&hellip;]<\/p>\n","protected":false},"author":3,"featured_media":0,"comment_status":"closed","ping_status":"closed","sticky":false,"template":"","format":"standard","meta":{"footnotes":""},"categories":[6],"tags":[],"class_list":["post-166","post","type-post","status-publish","format-standard","hentry","category-pribehy-rodicu"],"acf":[],"_links":{"self":[{"href":"https:\/\/tyden.ranapece.cz\/2025\/wp-json\/wp\/v2\/posts\/166","targetHints":{"allow":["GET"]}}],"collection":[{"href":"https:\/\/tyden.ranapece.cz\/2025\/wp-json\/wp\/v2\/posts"}],"about":[{"href":"https:\/\/tyden.ranapece.cz\/2025\/wp-json\/wp\/v2\/types\/post"}],"author":[{"embeddable":true,"href":"https:\/\/tyden.ranapece.cz\/2025\/wp-json\/wp\/v2\/users\/3"}],"replies":[{"embeddable":true,"href":"https:\/\/tyden.ranapece.cz\/2025\/wp-json\/wp\/v2\/comments?post=166"}],"version-history":[{"count":1,"href":"https:\/\/tyden.ranapece.cz\/2025\/wp-json\/wp\/v2\/posts\/166\/revisions"}],"predecessor-version":[{"id":167,"href":"https:\/\/tyden.ranapece.cz\/2025\/wp-json\/wp\/v2\/posts\/166\/revisions\/167"}],"wp:attachment":[{"href":"https:\/\/tyden.ranapece.cz\/2025\/wp-json\/wp\/v2\/media?parent=166"}],"wp:term":[{"taxonomy":"category","embeddable":true,"href":"https:\/\/tyden.ranapece.cz\/2025\/wp-json\/wp\/v2\/categories?post=166"},{"taxonomy":"post_tag","embeddable":true,"href":"https:\/\/tyden.ranapece.cz\/2025\/wp-json\/wp\/v2\/tags?post=166"}],"curies":[{"name":"wp","href":"https:\/\/api.w.org\/{rel}","templated":true}]}}