{"id":164,"date":"2017-10-19T20:20:47","date_gmt":"2017-10-19T18:20:47","guid":{"rendered":"https:\/\/tyden.ranapece.cz\/2025\/?p=164"},"modified":"2017-10-19T20:20:47","modified_gmt":"2017-10-19T18:20:47","slug":"marecek","status":"publish","type":"post","link":"https:\/\/tyden.ranapece.cz\/2025\/pribehy-rodicu\/marecek\/","title":{"rendered":"Mare\u010dek"},"content":{"rendered":"<p style=\"text-align: justify;\"><strong>Mare\u010dk\u016fv p\u0159\u00edb\u011bh<\/strong><\/p>\n<p style=\"text-align: justify;\">Jmenuji se Marek a je mi 6 let. Kdy\u017e jsem se narodil, maminka, sest\u0159i\u010dka a tehdy i tat\u00ednek byli moc \u0161\u0165astn\u00ed. Jak jsem rostl, za\u010dal jsem se od sv\u00fdch vrstevn\u00edk\u016f pomalinku odli\u0161ovat. Zat\u00edmco oni si sedali, lezli po \u010dty\u0159ech a zkou\u0161eli vst\u00e1vat, j\u00e1 jsem do 11 m\u011bs\u00edc\u016f v\u00e1lel sudy. Pan\u00ed doktorka ut\u011b\u0161ovala maminku, \u017ee jsem jen l\u00edn\u00fd. Ale nebylo tomu tak. A najednou se mamince podlomila kolena p\u0159i vy\u0159knut\u00ed m\u00e9 prvn\u00ed diagn\u00f3zy \u2013 psychomotorick\u00e1 retardace. Za\u010dal jsem cvi\u010dit Vojtovu metodu v&nbsp;Prost\u011bjov\u011b. Uplynuly dva m\u011bs\u00edce a j\u00e1 d\u00e1l vesele v\u00e1lel sudy. Potom maminka na\u0161la Centrum l\u00e9\u010debn\u00e9 rehabilitace CORPUS v&nbsp;Olomouci a za\u010daly se d\u00edt v\u011bci! Nejprve jsem se zvedal na kol\u00ednka a zkou\u0161el l\u00e9zt, a\u017e m\u011b maminka nemohla dohonit. Tak\u00e9 jsem si brzy s\u00e1m sedl, a ne\u017e jsem m\u011bl dva roky, ud\u011blal jsem prvn\u00ed kr\u016f\u010dky.<\/p>\n<p style=\"text-align: justify;\">N\u011bkdo by si \u0159ekl \u2013 \u0161\u0165astn\u00fd konec! Ov\u0161em nebylo tomu tak. Kr\u016f\u010dky mi docela \u0161ly, ale nemluvil jsem ani sl\u016fvko. Maminka se mnou chodila k logopedovi, na neurologii, na d\u011btskou psychiatrii, k pan\u00ed psycholo\u017ece. A nic. Pro\u0161el jsem mnoha vy\u0161et\u0159en\u00edmi, n\u011bkolikr\u00e1t genetika, EEG, magnetick\u00e1 rezonance, vylou\u010den\u00ed metabolick\u00fdch vad a fragiln\u00edho X-chromozomu. Maminka z\u016fstala se mnou a se sest\u0159i\u010dkou Nikolkou sama. Tat\u00ednek se ke mn\u011b nehl\u00e1s\u00ed a stejn\u011b tak cel\u00e1 jeho rodina. Nekupuj\u00ed mi d\u00e1rky k&nbsp;narozenin\u00e1m, k sv\u00e1tku, na V\u00e1noce. A ani se maminky nezeptaj\u00ed, co mi je a hlavn\u011b jak mi je. Na\u0161t\u011bst\u00ed s&nbsp;maminkou a Nikolkou se m\u00e1me moc r\u00e1di. A taky s&nbsp;babi\u010dkou, d\u011bdou a strejdou Martinem a dv\u011bma pr\u00edma bratr\u00e1nky. Ti v\u0161ichni m\u011b maj\u00ed r\u00e1di takov\u00e9ho, jak\u00fd jsem. Neum\u00edm mluvit, svoje city projevuji nad\u0161en\u00edm. N\u011bkdy je tro\u0161ku tah\u00e1m za vlasy, bouchnu, \u0161t\u00edpnu nebo kousnu. Ale to v\u0161echno z&nbsp;l\u00e1sky. Nem\u00e1m r\u00e1d \u017e\u00e1dn\u00e9 zm\u011bny, ur\u010dit\u00e9 zvuky, nenad\u00e1l\u00e9 situace. Moje sou\u010dasn\u00e9 diagn\u00f3zy jsou t\u0159i \u2013 t\u011b\u017ek\u00e1 a\u017e hlubok\u00e1 ment\u00e1ln\u00ed retardace, t\u011b\u017ek\u00e1 hyperkinetick\u00e1 porucha ADHD a atypick\u00fd autismus.<\/p>\n<p style=\"text-align: justify;\"><a href=\"http:\/\/www.ranapece.cz\/wp-content\/uploads\/sites\/2\/Marecek-foto.jpg\"><img loading=\"lazy\" decoding=\"async\" class=\"aligncenter size-large wp-image-238\" src=\"http:\/\/www.ranapece.cz\/wp-content\/uploads\/sites\/2\/Marecek-foto-1024x678.jpg\" alt=\"marecek-foto\" width=\"880\" height=\"583\"><\/a><\/p>\n<p style=\"text-align: justify;\">St\u00e1le nav\u0161t\u011bvuji pan\u00ed doktorku z d\u011btsk\u00e9 psychiatrie, logopedii, neurologii, genetiku, psychologii. Miluju d\u011bti, chod\u00edm do speci\u00e1ln\u00ed mate\u0159sk\u00e9 \u0161kolky a u\u010d\u00edm se v&nbsp;speci\u00e1ln\u011b pedagogick\u00e9m centru. U\u017e druh\u00fdm rokem mi pom\u00e1haj\u00ed ve St\u0159edisku ran\u00e9 p\u00e9\u010de v&nbsp;Olomouci. Maminka se o t\u00e9to organizaci n\u00e1hodn\u011b dov\u011bd\u011bla na internetu a zkusila je kontaktovat. Pan\u00ed vedouc\u00ed Pavla Maty\u00e1\u0161ov\u00e1 na druh\u00e9m konci telefonu byla moc p\u0159\u00edjemn\u00e1 a hned se s&nbsp;maminkou domluvila na prvn\u00edm setk\u00e1n\u00ed. A od t\u00e9 doby chod\u00edme na jejich b\u00e1je\u010dn\u00e9 akce, kde je spousta d\u011bt\u00ed a rodi\u010d\u016f, kte\u0159\u00ed si na nic nehraj\u00ed a ned\u00edvaj\u00ed se na n\u00e1\u0161 probl\u00e9m s&nbsp;nepochopen\u00edm. Navz\u00e1jem si popov\u00eddaj\u00ed o sv\u00fdch v\u011bt\u0161\u00edch \u010di men\u0161\u00edch zklam\u00e1n\u00edch a bolestech a podle pravidla, \u017ee sd\u00edlen\u00e9 tr\u00e1pen\u00ed je polovi\u010dn\u00ed tr\u00e1pen\u00ed, si pomohou nejen uleh\u010den\u00edm na srd\u00ed\u010dku, ale i radou a zku\u0161enostmi. Ze St\u0159ediska k&nbsp;n\u00e1m jezd\u00ed pan\u00ed Marcela&nbsp; Sch\u00e4fferov\u00e1&nbsp; a voz\u00ed mi st\u00e1le nov\u00e9 hra\u010dky a pom\u016fcky a taky se mnou i s&nbsp;maminkou u\u010d\u00ed. Prost\u011b se ty dv\u011b domlouvaj\u00ed, jak na m\u011b. Ale nemyslete si, j\u00e1 jim nic ned\u00e1m zadarmo a neuleh\u010d\u00edm jim ani tro\u0161i\u010dku. Na\u0161e poradkyn\u011b n\u00e1m rad\u00ed, na co m\u00e1me v&nbsp;m\u00e9 nemoci n\u00e1rok a jak\u00e9 jsou nov\u00e9 metody, jak\u00e9 hra\u010dky a pom\u016fcky pomohou pr\u00e1v\u011b mn\u011b. Jen n\u00e1s mrz\u00ed, \u017ee n\u00e1m o St\u0159edisku nikdo ne\u0159ekl d\u0159\u00edve. Setk\u00e1n\u00ed se stejn\u011b nemocn\u00fdmi d\u011btmi d\u00e1v\u00e1 s\u00edlu i mamince a sest\u0159i\u010dce, aby v\u0161e l\u00e9pe zvl\u00e1dly a aby vid\u011bly, \u017ee nejsou samy. M\u00e1lem bych zapomn\u011bl, \u017ee chci tak\u00e9 pod\u011bkovat, st\u0159edisko ran\u00e9 p\u00e9\u010de mi toti\u017e pomohlo z\u00edskat n\u00e1dhernou t\u0159\u00edkolku.<\/p>\n<p style=\"text-align: justify;\">Tak to jsem j\u00e1, Mare\u010dek. N\u011bkdy zlob\u00edm, n\u011bkdy dok\u00e1\u017eu lidem kolem sebe ubl\u00ed\u017eit, dok\u00e1\u017eu je vy\u010derpat fyzicky i psychicky, ale v\u0161echny stejn\u011b miluju a pot\u0159ebuju jejich l\u00e1sku a pomoc. L\u00e1sku v\u0161ak nejen beru, ale hlavn\u011b v\u0161em rozd\u00e1v\u00e1m. L\u00e1sku bez p\u0159etv\u00e1\u0159ky, pravou a velikou.<\/p>\n<p style=\"text-align: justify;\"><strong>P. S. Chcete-li vid\u011bt moje fotky, nahl\u00e9dn\u011bte na moje str\u00e1nky www.marecek-help.cz.<\/strong><\/p>\n","protected":false},"excerpt":{"rendered":"<p>Mare\u010dk\u016fv p\u0159\u00edb\u011bh Jmenuji se Marek a je mi 6 let. Kdy\u017e jsem se narodil, maminka, sest\u0159i\u010dka a tehdy i tat\u00ednek byli moc \u0161\u0165astn\u00ed. Jak jsem rostl, za\u010dal jsem se od sv\u00fdch vrstevn\u00edk\u016f pomalinku odli\u0161ovat. Zat\u00edmco oni si sedali, lezli po \u010dty\u0159ech a zkou\u0161eli vst\u00e1vat, j\u00e1 jsem do 11 m\u011bs\u00edc\u016f v\u00e1lel sudy. Pan\u00ed doktorka ut\u011b\u0161ovala maminku, [&hellip;]<\/p>\n","protected":false},"author":3,"featured_media":0,"comment_status":"closed","ping_status":"closed","sticky":false,"template":"","format":"standard","meta":{"footnotes":""},"categories":[6],"tags":[],"class_list":["post-164","post","type-post","status-publish","format-standard","hentry","category-pribehy-rodicu"],"acf":[],"_links":{"self":[{"href":"https:\/\/tyden.ranapece.cz\/2025\/wp-json\/wp\/v2\/posts\/164","targetHints":{"allow":["GET"]}}],"collection":[{"href":"https:\/\/tyden.ranapece.cz\/2025\/wp-json\/wp\/v2\/posts"}],"about":[{"href":"https:\/\/tyden.ranapece.cz\/2025\/wp-json\/wp\/v2\/types\/post"}],"author":[{"embeddable":true,"href":"https:\/\/tyden.ranapece.cz\/2025\/wp-json\/wp\/v2\/users\/3"}],"replies":[{"embeddable":true,"href":"https:\/\/tyden.ranapece.cz\/2025\/wp-json\/wp\/v2\/comments?post=164"}],"version-history":[{"count":1,"href":"https:\/\/tyden.ranapece.cz\/2025\/wp-json\/wp\/v2\/posts\/164\/revisions"}],"predecessor-version":[{"id":165,"href":"https:\/\/tyden.ranapece.cz\/2025\/wp-json\/wp\/v2\/posts\/164\/revisions\/165"}],"wp:attachment":[{"href":"https:\/\/tyden.ranapece.cz\/2025\/wp-json\/wp\/v2\/media?parent=164"}],"wp:term":[{"taxonomy":"category","embeddable":true,"href":"https:\/\/tyden.ranapece.cz\/2025\/wp-json\/wp\/v2\/categories?post=164"},{"taxonomy":"post_tag","embeddable":true,"href":"https:\/\/tyden.ranapece.cz\/2025\/wp-json\/wp\/v2\/tags?post=164"}],"curies":[{"name":"wp","href":"https:\/\/api.w.org\/{rel}","templated":true}]}}