{"id":162,"date":"2017-10-19T20:20:29","date_gmt":"2017-10-19T18:20:29","guid":{"rendered":"https:\/\/tyden.ranapece.cz\/2025\/?p=162"},"modified":"2017-10-19T20:20:29","modified_gmt":"2017-10-19T18:20:29","slug":"michaelka","status":"publish","type":"post","link":"https:\/\/tyden.ranapece.cz\/2025\/pribehy-rodicu\/michaelka\/","title":{"rendered":"Michaelka"},"content":{"rendered":"<p style=\"text-align: justify;\">Dnes je to 9 let co se n\u00e1m narodila Michaelka. Ned\u00e1 se slovy napsat pocity \u0161t\u011bst\u00ed a z\u00e1rove\u0148 beznad\u011bje, kter\u00e9 n\u00e1s zas\u00e1hly. D\u00edky komplikac\u00edm p\u0159i porodu se M\u00ed\u0161a narodila mrtv\u00e1. Nastalo o\u017eivov\u00e1n\u00ed a povedlo se j\u00ed vr\u00e1tit mezi \u017eiv\u00e9. Jeliko\u017e byla dlouho bez kysl\u00edku nastalo po\u0161kozen\u00ed mozku. Dal\u0161\u00ed dny se roz\u0161\u00ed\u0159ila infekce a nastalo krv\u00e1cen\u00ed do mozku, kter\u00e9 diagn\u00f3zu zhor\u0161ilo. Jej\u00ed v\u00fdvoj se zastavil. A s n\u00edm se zastavilo i na\u0161e o\u010dek\u00e1v\u00e1n\u00ed a touhy. Nastaly dny, kdy jsem nemohla vid\u011bt doktory, nemohla jsem vid\u011bt zdrav\u00e9 d\u011bti a u\u017e v\u016fbec ne d\u011bti posti\u017een\u00e9. Byla jsem na pokraji sil.<\/p>\n<p style=\"text-align: justify;\"><a href=\"http:\/\/www.ranapece.cz\/wp-content\/uploads\/sites\/2\/thumb_maminka_s_Misou.jpg\"><img loading=\"lazy\" decoding=\"async\" class=\"aligncenter size-full wp-image-260\" src=\"http:\/\/www.ranapece.cz\/wp-content\/uploads\/sites\/2\/thumb_maminka_s_Misou.jpg\" alt=\"thumb_maminka_s_misou\" width=\"226\" height=\"150\"><\/a><\/p>\n<p style=\"text-align: justify;\">P\u0159i pravideln\u00fdch kontrol\u00e1ch doktor\u016f jsme sly\u0161eli jen sam\u00e1 negativa. Na o\u010dn\u00edm n\u00e1m byl do rukou str\u010den let\u00e1k o ran\u00e9 p\u00e9\u010d\u00ed. Po v\u00e1h\u00e1n\u00ed jsem jim zavolala. V ten den se zm\u011bnil cel\u00fd pohled na na\u0161i budoucnost. Byli to lidi\u010dky z ran\u00e9 p\u00e9\u010de, kte\u0159\u00ed nevid\u011bli Michaelku jako dal\u0161\u00ed polo\u017eku, ale jako d\u00edt\u011b, kter\u00e9 se v\u0161emu u\u010d\u00ed. Najednou mi uk\u00e1zali, \u017ee M\u00ed\u0161a na tom nen\u00ed a\u017e tak \u0161patn\u011b. Nau\u010dili m\u011b pozorovat jej\u00ed posun. Do t\u00e9 doby jsem si v\u017edycky \u0159\u00edkala \u201eto ud\u011blala n\u00e1hodou\u201c. P\u016fj\u010dovali n\u00e1m hra\u010dky a ukazovali r\u016fzn\u00e9 f\u00edgle. Dodnes vzpom\u00edn\u00e1m na f\u00edgl s&nbsp;kel\u00edmkem, d\u00edky kter\u00e9mu se M\u00ed\u0161a nau\u010dila p\u00edt z hrn\u00ed\u010dku. Za\u010dali jsme se radovat ze \u017eivota a bylo vid\u011bt \u017ee i ona m\u00e1 lep\u0161\u00ed n\u00e1ladu. D\u00edky ran\u00e9 p\u00e9\u010di nem\u00e1m chu\u0165 Michaelku schov\u00e1vat, ba naopak, m\u00e1m chu\u0165 se s n\u00ed ka\u017ed\u00e9mu pochlubit.<\/p>\n","protected":false},"excerpt":{"rendered":"<p>Dnes je to 9 let co se n\u00e1m narodila Michaelka. Ned\u00e1 se slovy napsat pocity \u0161t\u011bst\u00ed a z\u00e1rove\u0148 beznad\u011bje, kter\u00e9 n\u00e1s zas\u00e1hly. D\u00edky komplikac\u00edm p\u0159i porodu se M\u00ed\u0161a narodila mrtv\u00e1. Nastalo o\u017eivov\u00e1n\u00ed a povedlo se j\u00ed vr\u00e1tit mezi \u017eiv\u00e9. Jeliko\u017e byla dlouho bez kysl\u00edku nastalo po\u0161kozen\u00ed mozku. Dal\u0161\u00ed dny se roz\u0161\u00ed\u0159ila infekce a nastalo krv\u00e1cen\u00ed [&hellip;]<\/p>\n","protected":false},"author":3,"featured_media":0,"comment_status":"closed","ping_status":"closed","sticky":false,"template":"","format":"standard","meta":{"footnotes":""},"categories":[6],"tags":[],"class_list":["post-162","post","type-post","status-publish","format-standard","hentry","category-pribehy-rodicu"],"acf":[],"_links":{"self":[{"href":"https:\/\/tyden.ranapece.cz\/2025\/wp-json\/wp\/v2\/posts\/162","targetHints":{"allow":["GET"]}}],"collection":[{"href":"https:\/\/tyden.ranapece.cz\/2025\/wp-json\/wp\/v2\/posts"}],"about":[{"href":"https:\/\/tyden.ranapece.cz\/2025\/wp-json\/wp\/v2\/types\/post"}],"author":[{"embeddable":true,"href":"https:\/\/tyden.ranapece.cz\/2025\/wp-json\/wp\/v2\/users\/3"}],"replies":[{"embeddable":true,"href":"https:\/\/tyden.ranapece.cz\/2025\/wp-json\/wp\/v2\/comments?post=162"}],"version-history":[{"count":1,"href":"https:\/\/tyden.ranapece.cz\/2025\/wp-json\/wp\/v2\/posts\/162\/revisions"}],"predecessor-version":[{"id":163,"href":"https:\/\/tyden.ranapece.cz\/2025\/wp-json\/wp\/v2\/posts\/162\/revisions\/163"}],"wp:attachment":[{"href":"https:\/\/tyden.ranapece.cz\/2025\/wp-json\/wp\/v2\/media?parent=162"}],"wp:term":[{"taxonomy":"category","embeddable":true,"href":"https:\/\/tyden.ranapece.cz\/2025\/wp-json\/wp\/v2\/categories?post=162"},{"taxonomy":"post_tag","embeddable":true,"href":"https:\/\/tyden.ranapece.cz\/2025\/wp-json\/wp\/v2\/tags?post=162"}],"curies":[{"name":"wp","href":"https:\/\/api.w.org\/{rel}","templated":true}]}}