{"id":159,"date":"2017-10-19T20:19:55","date_gmt":"2017-10-19T18:19:55","guid":{"rendered":"https:\/\/tyden.ranapece.cz\/2025\/?p=159"},"modified":"2017-10-19T20:20:07","modified_gmt":"2017-10-19T18:20:07","slug":"zvladli-jsme-to","status":"publish","type":"post","link":"https:\/\/tyden.ranapece.cz\/2025\/pribehy-rodicu\/zvladli-jsme-to\/","title":{"rendered":"Zvl\u00e1dli jsme to!"},"content":{"rendered":"<p style=\"text-align: justify;\">P\u0159ed t\u00e9m\u011b\u0159 8 lety se Kopeck\u00fdm (p\u0159\u00edjmen\u00ed bylo zm\u011bn\u011bno) narodila jejich velmi o\u010dek\u00e1van\u00e1 dcera Katka. Vedle radosti z jej\u00edho narozen\u00ed v\u0161ak rodi\u010de museli \u010delit i starostem, kter\u00e9 p\u0159in\u00e1\u0161elo jej\u00ed t\u011b\u017ek\u00e9 zdravotn\u00ed posti\u017een\u00ed. \u201eOn\u00edm prvn\u00edm \u010dl\u00e1nkem v cel\u00e9m \u0159et\u011bzci, kter\u00fd n\u00e1m podal pomocnou ruku, bylo St\u0159edisko ran\u00e9 p\u00e9\u010de SPRP v Ostrav\u011b,\u201c \u0159\u00edk\u00e1 pan\u00ed Kopeck\u00e1. \u201eRan\u00e1 p\u00e9\u010de n\u00e1m svou podporou a radami dala d\u016fle\u017eit\u00fd z\u00e1klad pro zd\u00e1rn\u00fd v\u00fdvoj na\u0161\u00ed dcery.\u201c<\/p>\n","protected":false},"excerpt":{"rendered":"<p>P\u0159ed t\u00e9m\u011b\u0159 8 lety se Kopeck\u00fdm (p\u0159\u00edjmen\u00ed bylo zm\u011bn\u011bno) narodila jejich velmi o\u010dek\u00e1van\u00e1 dcera Katka. Vedle radosti z jej\u00edho narozen\u00ed v\u0161ak rodi\u010de museli \u010delit i starostem, kter\u00e9 p\u0159in\u00e1\u0161elo jej\u00ed t\u011b\u017ek\u00e9 zdravotn\u00ed posti\u017een\u00ed. \u201eOn\u00edm prvn\u00edm \u010dl\u00e1nkem v cel\u00e9m \u0159et\u011bzci, kter\u00fd n\u00e1m podal pomocnou ruku, bylo St\u0159edisko ran\u00e9 p\u00e9\u010de SPRP v Ostrav\u011b,\u201c \u0159\u00edk\u00e1 pan\u00ed Kopeck\u00e1. \u201eRan\u00e1 p\u00e9\u010de [&hellip;]<\/p>\n","protected":false},"author":3,"featured_media":0,"comment_status":"closed","ping_status":"closed","sticky":false,"template":"","format":"standard","meta":{"footnotes":""},"categories":[6],"tags":[],"class_list":["post-159","post","type-post","status-publish","format-standard","hentry","category-pribehy-rodicu"],"acf":[],"_links":{"self":[{"href":"https:\/\/tyden.ranapece.cz\/2025\/wp-json\/wp\/v2\/posts\/159","targetHints":{"allow":["GET"]}}],"collection":[{"href":"https:\/\/tyden.ranapece.cz\/2025\/wp-json\/wp\/v2\/posts"}],"about":[{"href":"https:\/\/tyden.ranapece.cz\/2025\/wp-json\/wp\/v2\/types\/post"}],"author":[{"embeddable":true,"href":"https:\/\/tyden.ranapece.cz\/2025\/wp-json\/wp\/v2\/users\/3"}],"replies":[{"embeddable":true,"href":"https:\/\/tyden.ranapece.cz\/2025\/wp-json\/wp\/v2\/comments?post=159"}],"version-history":[{"count":2,"href":"https:\/\/tyden.ranapece.cz\/2025\/wp-json\/wp\/v2\/posts\/159\/revisions"}],"predecessor-version":[{"id":161,"href":"https:\/\/tyden.ranapece.cz\/2025\/wp-json\/wp\/v2\/posts\/159\/revisions\/161"}],"wp:attachment":[{"href":"https:\/\/tyden.ranapece.cz\/2025\/wp-json\/wp\/v2\/media?parent=159"}],"wp:term":[{"taxonomy":"category","embeddable":true,"href":"https:\/\/tyden.ranapece.cz\/2025\/wp-json\/wp\/v2\/categories?post=159"},{"taxonomy":"post_tag","embeddable":true,"href":"https:\/\/tyden.ranapece.cz\/2025\/wp-json\/wp\/v2\/tags?post=159"}],"curies":[{"name":"wp","href":"https:\/\/api.w.org\/{rel}","templated":true}]}}