{"id":153,"date":"2017-10-19T20:15:50","date_gmt":"2017-10-19T18:15:50","guid":{"rendered":"https:\/\/tyden.ranapece.cz\/2025\/?p=153"},"modified":"2017-10-19T20:15:50","modified_gmt":"2017-10-19T18:15:50","slug":"andrejka","status":"publish","type":"post","link":"https:\/\/tyden.ranapece.cz\/2025\/pribehy-rodicu\/andrejka\/","title":{"rendered":"Andrejka"},"content":{"rendered":"<p style=\"text-align: justify;\">Jak\u00fd je n\u00e1\u0161 p\u0159\u00edb\u011bh? P\u0159ed v\u00edce ne\u017e dv\u011bma lety se na\u0161e 18m\u011bs\u00ed\u010dn\u00ed dcera Andrejka polila k\u00e1vou. Po t\u00fddnu, kdy ji ji\u017e probudili z um\u011bl\u00e9ho sp\u00e1nku a odpojili z podpory d\u00fdch\u00e1n\u00ed, se jej\u00ed stav n\u00e1hle zhor\u0161il a do\u0161lo u n\u00ed k selh\u00e1n\u00ed org\u00e1n\u016f, po\u0161kozen\u00ed ledvin, srdce. Byla napojena na dial\u00fdzu, ventil\u00e1tor, podporu srdce. Dlouh\u00e9 t\u00fddny bojovala o sv\u016fj kr\u00e1tk\u00fd \u017eivot a nakonec vyhr\u00e1la. Po dva a p\u016fl m\u011bs\u00edce trvaj\u00edc\u00ed hospitalizaci jsme byli propu\u0161t\u011bni z nemocnice. D\u00edky rehabilitac\u00edm mal\u00e1 sed\u011bla a sna\u017eila se stav\u011bt na nohy. Sh\u00e1n\u011bli jsme pro ni tu nejvhodn\u011bj\u0161\u00ed terapii. Dle neurologa m\u011bla axon\u00e1ln\u00ed polyneuropatii lehk\u00e9ho stupn\u011b, kterou m\u011bly vy\u0159e\u0161it rehabilitace. Bohu\u017eel n\u00e1sledky jsou daleko v\u011bt\u0161\u00ed. Jej\u00ed diagn\u00f3za zn\u00ed st\u0159edn\u011b t\u011b\u017ek\u00e1 a\u017e t\u011b\u017ek\u00e1 ment\u00e1ln\u00ed retardace a s t\u00edm spojen\u00e9 dal\u0161\u00ed probl\u00e9my. Za p\u00e1r m\u011bs\u00edc\u016f od propu\u0161t\u011bn\u00ed Andy za\u010dala doch\u00e1zet do stacion\u00e1\u0159e a jejich n\u00e1sledn\u00e1 p\u00e9\u010de, rehabilitace a terapie j\u00ed velmi pomohly. Pak p\u0159i\u0161la informace o ran\u00e9 p\u00e9\u010di. To n\u00e1s utvrdilo v tom, \u017ee se snad bl\u00fdsk\u00e1 na lep\u0161\u00ed \u010dasy:-)<\/p>\n<p>Dnes jsou to 2 roky od \u00farazu a diagn\u00f3za st\u00e1le trv\u00e1, p\u00e9\u010de o dceru je velmi n\u00e1ro\u010dn\u00e1, ale \u017eije, a to je to nejd\u016fle\u017eit\u011bj\u0161\u00ed. \u017divot jde d\u00e1l a my v\u011b\u0159\u00edme, \u017ee u\u017e to bude jenom lep\u0161\u00ed. A vzkaz pro rodiny, kter\u00e9 jsou na za\u010d\u00e1tku: NEVZD\u00c1VEJTE TO, V\u011a\u0158TE, \u017dE BUDE L\u00c9PE. TO ZVL\u00c1DNETE!<\/p>\n<p>Fojt\u00edkovi<\/p>\n<p><img loading=\"lazy\" decoding=\"async\" class=\"alignnone size-large wp-image-1901\" src=\"http:\/\/www.ranapece.cz\/wp-content\/uploads\/sites\/2\/Andrejka2-1024x683.jpg\" alt=\"Andrejka2\" width=\"880\" height=\"587\"><\/p>\n","protected":false},"excerpt":{"rendered":"<p>Jak\u00fd je n\u00e1\u0161 p\u0159\u00edb\u011bh? P\u0159ed v\u00edce ne\u017e dv\u011bma lety se na\u0161e 18m\u011bs\u00ed\u010dn\u00ed dcera Andrejka polila k\u00e1vou. Po t\u00fddnu, kdy ji ji\u017e probudili z um\u011bl\u00e9ho sp\u00e1nku a odpojili z podpory d\u00fdch\u00e1n\u00ed, se jej\u00ed stav n\u00e1hle zhor\u0161il a do\u0161lo u n\u00ed k selh\u00e1n\u00ed org\u00e1n\u016f, po\u0161kozen\u00ed ledvin, srdce. Byla napojena na dial\u00fdzu, ventil\u00e1tor, podporu srdce. Dlouh\u00e9 t\u00fddny bojovala [&hellip;]<\/p>\n","protected":false},"author":3,"featured_media":0,"comment_status":"closed","ping_status":"closed","sticky":false,"template":"","format":"standard","meta":{"footnotes":""},"categories":[6],"tags":[],"class_list":["post-153","post","type-post","status-publish","format-standard","hentry","category-pribehy-rodicu"],"acf":[],"_links":{"self":[{"href":"https:\/\/tyden.ranapece.cz\/2025\/wp-json\/wp\/v2\/posts\/153","targetHints":{"allow":["GET"]}}],"collection":[{"href":"https:\/\/tyden.ranapece.cz\/2025\/wp-json\/wp\/v2\/posts"}],"about":[{"href":"https:\/\/tyden.ranapece.cz\/2025\/wp-json\/wp\/v2\/types\/post"}],"author":[{"embeddable":true,"href":"https:\/\/tyden.ranapece.cz\/2025\/wp-json\/wp\/v2\/users\/3"}],"replies":[{"embeddable":true,"href":"https:\/\/tyden.ranapece.cz\/2025\/wp-json\/wp\/v2\/comments?post=153"}],"version-history":[{"count":1,"href":"https:\/\/tyden.ranapece.cz\/2025\/wp-json\/wp\/v2\/posts\/153\/revisions"}],"predecessor-version":[{"id":154,"href":"https:\/\/tyden.ranapece.cz\/2025\/wp-json\/wp\/v2\/posts\/153\/revisions\/154"}],"wp:attachment":[{"href":"https:\/\/tyden.ranapece.cz\/2025\/wp-json\/wp\/v2\/media?parent=153"}],"wp:term":[{"taxonomy":"category","embeddable":true,"href":"https:\/\/tyden.ranapece.cz\/2025\/wp-json\/wp\/v2\/categories?post=153"},{"taxonomy":"post_tag","embeddable":true,"href":"https:\/\/tyden.ranapece.cz\/2025\/wp-json\/wp\/v2\/tags?post=153"}],"curies":[{"name":"wp","href":"https:\/\/api.w.org\/{rel}","templated":true}]}}