{"id":1491,"date":"2020-10-29T20:21:32","date_gmt":"2020-10-29T19:21:32","guid":{"rendered":"https:\/\/tyden.ranapece.cz\/2025\/?p=1491"},"modified":"2021-06-16T16:16:13","modified_gmt":"2021-06-16T14:16:13","slug":"video_nas-tym","status":"publish","type":"post","link":"https:\/\/tyden.ranapece.cz\/2025\/nezarazene\/video_nas-tym\/","title":{"rendered":"Video \u2013 n\u00e1\u0161 t\u00fdm"},"content":{"rendered":"<p>Kr\u00e1tk\u00e9 video na Facebooku p\u0159ibl\u00ed\u017e\u00ed pr\u00e1ci na\u0161eho t\u00fdmu a jeho podporu rodin\u00e1m d\u011bt\u00ed s\u00a0posti\u017een\u00edm. P\u016fsob\u00edme v Praze, St\u0159edo\u010desk\u00e9m kraji a Karlov\u00fdch Varech.<\/p>\n<p><a href=\"https:\/\/tyden.ranapece.cz\/2025\/wp-content\/uploads\/sites\/2\/2020\/10\/Program-TRP-Karlovy-Vary-2020-scaled.jpg\" target=\"_blank\" rel=\"noopener noreferrer\">? Pozv\u00e1nka<\/a><\/p>\n<p>&nbsp;<\/p>\n<p>&nbsp;<\/p>\n<p>&nbsp;<\/p>\n","protected":false},"excerpt":{"rendered":"<p>Kr\u00e1tk\u00e9 video na Facebooku p\u0159ibl\u00ed\u017e\u00ed pr\u00e1ci na\u0161eho t\u00fdmu a jeho podporu rodin\u00e1m d\u011bt\u00ed s\u00a0posti\u017een\u00edm. P\u016fsob\u00edme v Praze, St\u0159edo\u010desk\u00e9m kraji a Karlov\u00fdch Varech. ? Pozv\u00e1nka &nbsp; &nbsp; &nbsp;<\/p>\n","protected":false},"author":4,"featured_media":0,"comment_status":"closed","ping_status":"closed","sticky":false,"template":"","format":"standard","meta":{"footnotes":""},"categories":[1],"tags":[66],"class_list":["post-1491","post","type-post","status-publish","format-standard","hentry","category-nezarazene","tag-karlovy-vary"],"acf":[],"_links":{"self":[{"href":"https:\/\/tyden.ranapece.cz\/2025\/wp-json\/wp\/v2\/posts\/1491","targetHints":{"allow":["GET"]}}],"collection":[{"href":"https:\/\/tyden.ranapece.cz\/2025\/wp-json\/wp\/v2\/posts"}],"about":[{"href":"https:\/\/tyden.ranapece.cz\/2025\/wp-json\/wp\/v2\/types\/post"}],"author":[{"embeddable":true,"href":"https:\/\/tyden.ranapece.cz\/2025\/wp-json\/wp\/v2\/users\/4"}],"replies":[{"embeddable":true,"href":"https:\/\/tyden.ranapece.cz\/2025\/wp-json\/wp\/v2\/comments?post=1491"}],"version-history":[{"count":2,"href":"https:\/\/tyden.ranapece.cz\/2025\/wp-json\/wp\/v2\/posts\/1491\/revisions"}],"predecessor-version":[{"id":1527,"href":"https:\/\/tyden.ranapece.cz\/2025\/wp-json\/wp\/v2\/posts\/1491\/revisions\/1527"}],"wp:attachment":[{"href":"https:\/\/tyden.ranapece.cz\/2025\/wp-json\/wp\/v2\/media?parent=1491"}],"wp:term":[{"taxonomy":"category","embeddable":true,"href":"https:\/\/tyden.ranapece.cz\/2025\/wp-json\/wp\/v2\/categories?post=1491"},{"taxonomy":"post_tag","embeddable":true,"href":"https:\/\/tyden.ranapece.cz\/2025\/wp-json\/wp\/v2\/tags?post=1491"}],"curies":[{"name":"wp","href":"https:\/\/api.w.org\/{rel}","templated":true}]}}