{"id":1487,"date":"2020-10-29T20:14:38","date_gmt":"2020-10-29T19:14:38","guid":{"rendered":"https:\/\/tyden.ranapece.cz\/2025\/?p=1487"},"modified":"2020-10-29T20:22:02","modified_gmt":"2020-10-29T19:22:02","slug":"koncert-skupiny-czardashians","status":"publish","type":"post","link":"https:\/\/tyden.ranapece.cz\/2025\/nezarazene\/koncert-skupiny-czardashians\/","title":{"rendered":"Koncert skupiny Czardashians"},"content":{"rendered":"<p>Online stream z Rock Caf\u00e9: 30. v\u00fdro\u010d\u00ed Spole\u010dnosti pro ranou p\u00e9\u010di zavr\u0161\u00edme hudebn\u00edm vystoupen\u00edm skupiny Czardashians. V r\u00e1mci programu se m\u016f\u017eete t\u011b\u0161it na k\u0159est knihy M\u00e1mo, t\u00e1to, dok\u00e1\u017eu to a k\u0159est \u010dokol\u00e1dov\u00e9ho adventn\u00edho kalend\u00e1\u0159e. Ve\u010derem bude prov\u00e1zet Petra Mertlov\u00e1. Koncert bude vys\u00edl\u00e1n online na na\u0161em Facebooku.<\/p>\n<p>&nbsp;<\/p>\n<p>&nbsp;<\/p>\n<p>&nbsp;<\/p>\n<p>&nbsp;<\/p>\n<p>&nbsp;<\/p>\n","protected":false},"excerpt":{"rendered":"<p>Online stream z Rock Caf\u00e9: 30. v\u00fdro\u010d\u00ed Spole\u010dnosti pro ranou p\u00e9\u010di zavr\u0161\u00edme hudebn\u00edm vystoupen\u00edm skupiny Czardashians. V r\u00e1mci programu se m\u016f\u017eete t\u011b\u0161it na k\u0159est knihy M\u00e1mo, t\u00e1to, dok\u00e1\u017eu to a k\u0159est \u010dokol\u00e1dov\u00e9ho adventn\u00edho kalend\u00e1\u0159e. Ve\u010derem bude prov\u00e1zet Petra Mertlov\u00e1. Koncert bude vys\u00edl\u00e1n online na na\u0161em Facebooku. &nbsp; &nbsp; &nbsp; &nbsp; &nbsp;<\/p>\n","protected":false},"author":4,"featured_media":0,"comment_status":"closed","ping_status":"closed","sticky":false,"template":"","format":"standard","meta":{"footnotes":""},"categories":[1],"tags":[66,63],"class_list":["post-1487","post","type-post","status-publish","format-standard","hentry","category-nezarazene","tag-karlovy-vary","tag-praha"],"acf":[],"_links":{"self":[{"href":"https:\/\/tyden.ranapece.cz\/2025\/wp-json\/wp\/v2\/posts\/1487","targetHints":{"allow":["GET"]}}],"collection":[{"href":"https:\/\/tyden.ranapece.cz\/2025\/wp-json\/wp\/v2\/posts"}],"about":[{"href":"https:\/\/tyden.ranapece.cz\/2025\/wp-json\/wp\/v2\/types\/post"}],"author":[{"embeddable":true,"href":"https:\/\/tyden.ranapece.cz\/2025\/wp-json\/wp\/v2\/users\/4"}],"replies":[{"embeddable":true,"href":"https:\/\/tyden.ranapece.cz\/2025\/wp-json\/wp\/v2\/comments?post=1487"}],"version-history":[{"count":1,"href":"https:\/\/tyden.ranapece.cz\/2025\/wp-json\/wp\/v2\/posts\/1487\/revisions"}],"predecessor-version":[{"id":1488,"href":"https:\/\/tyden.ranapece.cz\/2025\/wp-json\/wp\/v2\/posts\/1487\/revisions\/1488"}],"wp:attachment":[{"href":"https:\/\/tyden.ranapece.cz\/2025\/wp-json\/wp\/v2\/media?parent=1487"}],"wp:term":[{"taxonomy":"category","embeddable":true,"href":"https:\/\/tyden.ranapece.cz\/2025\/wp-json\/wp\/v2\/categories?post=1487"},{"taxonomy":"post_tag","embeddable":true,"href":"https:\/\/tyden.ranapece.cz\/2025\/wp-json\/wp\/v2\/tags?post=1487"}],"curies":[{"name":"wp","href":"https:\/\/api.w.org\/{rel}","templated":true}]}}