{"id":1205,"date":"2019-11-05T13:21:47","date_gmt":"2019-11-05T12:21:47","guid":{"rendered":"https:\/\/tyden.ranapece.cz\/2025\/?p=1205"},"modified":"2019-11-05T13:23:24","modified_gmt":"2019-11-05T12:23:24","slug":"pribeh-jirika-a-jeho-pocetne-rodiny","status":"publish","type":"post","link":"https:\/\/tyden.ranapece.cz\/2025\/pribehy-rodicu\/pribeh-jirika-a-jeho-pocetne-rodiny\/","title":{"rendered":"P\u0159\u00edb\u011bh Ji\u0159\u00edka a jeho po\u010detn\u00e9 rodiny"},"content":{"rendered":"<p><a href=\"https:\/\/tyden.ranapece.cz\/2025\/pribehy-rodicu\/pribeh-jirika-a-jeho-pocetne-rodiny\/attachment\/fotka\/\"><img loading=\"lazy\" decoding=\"async\" class=\"alignright wp-image-1207 size-medium\" src=\"https:\/\/tyden.ranapece.cz\/2025\/wp-content\/uploads\/sites\/2\/2019\/11\/fotka-300x300.jpg\" alt=\"\" width=\"300\" height=\"300\" srcset=\"https:\/\/tyden.ranapece.cz\/2025\/wp-content\/uploads\/sites\/2\/2019\/11\/fotka-300x300.jpg 300w, https:\/\/tyden.ranapece.cz\/2025\/wp-content\/uploads\/sites\/2\/2019\/11\/fotka-150x150.jpg 150w, https:\/\/tyden.ranapece.cz\/2025\/wp-content\/uploads\/sites\/2\/2019\/11\/fotka-600x600.jpg 600w, https:\/\/tyden.ranapece.cz\/2025\/wp-content\/uploads\/sites\/2\/2019\/11\/fotka-500x500.jpg 500w, https:\/\/tyden.ranapece.cz\/2025\/wp-content\/uploads\/sites\/2\/2019\/11\/fotka-180x180.jpg 180w, https:\/\/tyden.ranapece.cz\/2025\/wp-content\/uploads\/sites\/2\/2019\/11\/fotka-55x55.jpg 55w, https:\/\/tyden.ranapece.cz\/2025\/wp-content\/uploads\/sites\/2\/2019\/11\/fotka.jpg 684w\" sizes=\"auto, (max-width: 300px) 100vw, 300px\" \/><\/a>Ji\u0159\u00edk se narodil jako jedno z&nbsp;dvoj\u010dat. T\u011bhotenstv\u00ed sice prov\u00e1zely komplikace, ale prvn\u00ed t\u0159i m\u011bs\u00edce po porodu jsme si jeho i sest\u0159i\u010dku Hani\u010dku u\u017e\u00edvali jako zcela zdrav\u00e1 miminka. Ve t\u0159ech m\u011bs\u00edc\u00edch jsme si v\u0161ak v\u0161imli, \u017ee Ji\u0159\u00edk m\u00e1 st\u00e1le sev\u0159enou ru\u010di\u010dku. Po n\u00e1v\u0161t\u011bv\u011b pan\u00ed doktorky n\u00e1sledovala nekone\u010dn\u00e1 vy\u0161et\u0159en\u00ed a spousta \u0161patn\u00fdch zpr\u00e1v: postupn\u011b se potvrdily diagn\u00f3zy mozkov\u00e1 obrna, epilepsie, hemipar\u00e9za (\u010d\u00e1ste\u010dn\u00e9 ochrnut\u00ed jedn\u00e9 poloviny t\u011bla), po\u0161kozen\u00fd mozek, st\u0159edn\u011b t\u011b\u017ek\u00e1 ment\u00e1ln\u00ed retardace. Za\u010dali jsme s&nbsp;Ji\u0159\u00edkem doch\u00e1zet na neurologii, rehabilitace, logopedii, ortopedii a cvi\u010den\u00ed si mus\u00edme hradit.<\/p>\n<p>Na\u0161e rodina je po\u010detn\u00e1 \u2013 m\u00e1me \u0161est d\u011bt\u00ed. R\u00e1na jsou n\u00e1ro\u010dn\u00e1: nejd\u0159\u00edv je pot\u0159eba obstarat Ji\u0159\u00edka, potom postupn\u011b ostatn\u00ed d\u011bti, potom zase Ji\u0159\u00edka, kter\u00fd pot\u0159ebuje l\u00e9ky, speci\u00e1ln\u00ed stravu, spoustu cvi\u010den\u00ed. Do stimulace Ji\u0159\u00edka se zapojuje cel\u00e1 rodina v\u010detn\u011b babi\u010dky a ka\u017ed\u00e1 hra m\u00e1 sv\u016fj z\u00e1m\u011br. Je t\u0159eba nechat Ji\u0159\u00edka, aby s\u00e1m pracoval a ned\u011blat v\u011bci za n\u011bj, i kdy\u017e to pro n\u00e1s znamen\u00e1 nekone\u010dnou trp\u011blivost, p\u0159evl\u00e9kan\u00ed a \u00faklid st\u00e1le dokola. V\u0161ichni Ji\u0159\u00edka motivuj\u00ed, aby se sna\u017eil pou\u017e\u00edvat ob\u011b ru\u010dky, stimulujeme ho vlastn\u011b cel\u00e9ho od hlavy a\u017e k&nbsp;pat\u011b. Podporujeme ch\u016fzi, motoriku, mluven\u00ed, kv\u016fli \u0161ilh\u00e1n\u00ed cvi\u010d\u00edme zrak.<\/p>\n<p>P\u0159esto je tolik v\u011bc\u00ed, kter\u00e9 Ji\u0159\u00edk nem\u016f\u017ee d\u011blat: nem\u016f\u017ee si t\u0159eba vz\u00edt oby\u010dejn\u00e9 aut\u00ed\u010dko a hr\u00e1t si s n\u00edm. Je pro n\u011bj velk\u00fd boj rozd\u011blat si d\u00e1re\u010dek u v\u00e1no\u010dn\u00edho stromku. A t\u011b\u017ek\u00fd je taky v\u00fdb\u011br hra\u010dek \u2013 zda nem\u016f\u017ee n\u011bjak\u00fd zvuk nebo sv\u011bteln\u00fd efekt u Ji\u0159\u00edka spustit epilepsii, a\u010dkoliv pr\u00e1v\u011b zvukov\u00e9 a sv\u00edt\u00edc\u00ed hra\u010dky ho nejv\u00edce bav\u00ed.<\/p>\n<p><a name=\"_GoBack\"><\/a> Velkou pomoc\u00ed je pro n\u00e1s ran\u00e1 p\u00e9\u010de. Kdy\u017e jsem se dozv\u011bd\u011bla, \u017ee m\u00e1me posti\u017een\u00ed d\u00edt\u011b, byla jsem bezradn\u00e1. Na\u0161t\u011bst\u00ed jsme dostali informaci, \u017ee existuje ran\u00e1 p\u00e9\u010de a dorazil k&nbsp;n\u00e1m and\u011bl: poradkyn\u011b, kter\u00e1 n\u00e1m dodala sebed\u016fv\u011bru, \u017ee se d\u00e1 v\u0161e zvl\u00e1dnout. Ran\u00e1 p\u00e9\u010de n\u00e1m zap\u016fj\u010duje hra\u010dky, rehabilita\u010dn\u00ed pom\u016fcky. Sm\u011b\u0159uje n\u00e1s, kam se m\u016f\u017eeme obr\u00e1tit, kdy\u017e n\u011bco pot\u0159ebuje za\u0159\u00eddit ohledn\u011b Ji\u0159\u00ed\u010dka, jak\u00e9 jsou mo\u017enosti \u0161kolky, o co m\u016f\u017eeme \u017e\u00e1dat na \u00fa\u0159adu pr\u00e1ce, kterou nadaci m\u016f\u017eeme oslovit, kdy\u017e n\u011bco pro Ji\u0159\u00edka pot\u0159ebujeme. Ran\u00e1 p\u00e9\u010de je stra\u0161n\u011b d\u016fle\u017eit\u00e1 pro celou na\u0161i rodinu. D\u00edky ran\u00e9 p\u00e9\u010di se cel\u00e1 na\u0161e po\u010detn\u00e1 rodina n\u011bkam dostane. D\u0159\u00edve jsme jezdili hodn\u011b na v\u00fdlety s&nbsp;d\u011btmi, po narozen\u00ed Ji\u0159\u00edka jsme to museli hodn\u011b omezit. D\u00edky ran\u00e9 p\u00e9\u010di jsme se dostali t\u0159eba na plav\u00e1n\u00ed, na v\u00edkendov\u00fd pobyt pro rodiny, vyzkou\u0161eli jsme pro Ji\u0159\u00edka r\u016fzn\u00e9 terapie. D\u011bti jsou \u0161\u0165astn\u00e9, \u017ee n\u011bkde jsou, \u017ee jsme v\u0161ichni pohromad\u011b. Ji\u0159\u00edk m\u00e1 mo\u017enost vyzkou\u0161et nov\u00e9 v\u011bci a nen\u00ed to na \u00fakor ostatn\u00edch, m\u016f\u017eeme b\u00fdt p\u0159i tom. Za to jsem ran\u00e9 p\u00e9\u010di stra\u0161n\u011b vd\u011b\u010dn\u00e1.<\/p>\n","protected":false},"excerpt":{"rendered":"<p>Ji\u0159\u00edk se narodil jako jedno z&nbsp;dvoj\u010dat. T\u011bhotenstv\u00ed sice prov\u00e1zely komplikace, ale prvn\u00ed t\u0159i m\u011bs\u00edce po porodu jsme si jeho i sest\u0159i\u010dku Hani\u010dku u\u017e\u00edvali jako zcela zdrav\u00e1 miminka. Ve t\u0159ech m\u011bs\u00edc\u00edch jsme si v\u0161ak v\u0161imli, \u017ee Ji\u0159\u00edk m\u00e1 st\u00e1le sev\u0159enou ru\u010di\u010dku. Po n\u00e1v\u0161t\u011bv\u011b pan\u00ed doktorky n\u00e1sledovala nekone\u010dn\u00e1 vy\u0161et\u0159en\u00ed a spousta \u0161patn\u00fdch zpr\u00e1v: postupn\u011b se potvrdily diagn\u00f3zy [&hellip;]<\/p>\n","protected":false},"author":1,"featured_media":0,"comment_status":"closed","ping_status":"closed","sticky":false,"template":"","format":"standard","meta":{"footnotes":""},"categories":[6],"tags":[],"class_list":["post-1205","post","type-post","status-publish","format-standard","hentry","category-pribehy-rodicu"],"acf":[],"_links":{"self":[{"href":"https:\/\/tyden.ranapece.cz\/2025\/wp-json\/wp\/v2\/posts\/1205","targetHints":{"allow":["GET"]}}],"collection":[{"href":"https:\/\/tyden.ranapece.cz\/2025\/wp-json\/wp\/v2\/posts"}],"about":[{"href":"https:\/\/tyden.ranapece.cz\/2025\/wp-json\/wp\/v2\/types\/post"}],"author":[{"embeddable":true,"href":"https:\/\/tyden.ranapece.cz\/2025\/wp-json\/wp\/v2\/users\/1"}],"replies":[{"embeddable":true,"href":"https:\/\/tyden.ranapece.cz\/2025\/wp-json\/wp\/v2\/comments?post=1205"}],"version-history":[{"count":3,"href":"https:\/\/tyden.ranapece.cz\/2025\/wp-json\/wp\/v2\/posts\/1205\/revisions"}],"predecessor-version":[{"id":1210,"href":"https:\/\/tyden.ranapece.cz\/2025\/wp-json\/wp\/v2\/posts\/1205\/revisions\/1210"}],"wp:attachment":[{"href":"https:\/\/tyden.ranapece.cz\/2025\/wp-json\/wp\/v2\/media?parent=1205"}],"wp:term":[{"taxonomy":"category","embeddable":true,"href":"https:\/\/tyden.ranapece.cz\/2025\/wp-json\/wp\/v2\/categories?post=1205"},{"taxonomy":"post_tag","embeddable":true,"href":"https:\/\/tyden.ranapece.cz\/2025\/wp-json\/wp\/v2\/tags?post=1205"}],"curies":[{"name":"wp","href":"https:\/\/api.w.org\/{rel}","templated":true}]}}